{"id":5215,"date":"2010-09-24T10:31:26","date_gmt":"2010-09-24T08:31:26","guid":{"rendered":"\/parlonsen\/?p=5215"},"modified":"2010-09-24T10:32:48","modified_gmt":"2010-09-24T08:32:48","slug":"journees-decouvertes-avec-lartiste-plasticienne-veronique-colombo","status":"publish","type":"post","link":"https:\/\/www.o-p-i.fr\/parlonsen\/localisation\/au-pays-des-tescous\/castelnau\/journees-decouvertes-avec-lartiste-plasticienne-veronique-colombo\/","title":{"rendered":"Journ\u00e9es d\u00e9couvertes avec l&rsquo;artiste plasticienne V\u00e9ronique Colombo"},"content":{"rendered":"<p>Le dernier stage de l&rsquo;\u00e9t\u00e9 s&rsquo;est termin\u00e9 &#8230;\u00a0 A partir du mois d\u2019<span style=\"color: #003366;\"><strong>octobre<\/strong><\/span>, vous pouvez participer aux <span style=\"color: #003366;\"><strong>journ\u00e9es \u00ab\u00a0d\u00e9couvertes\u00a0\u00bb<\/strong><\/span>.<!--more--><\/p>\n<figure id=\"attachment_5216\" aria-describedby=\"caption-attachment-5216\" style=\"width: 326px\" class=\"wp-caption alignright\"><img data-recalc-dims=\"1\" loading=\"lazy\" decoding=\"async\" class=\"size-full wp-image-5216 \" title=\"Castelnau de Montmiral (81)\" src=\"https:\/\/i0.wp.com\/www.o-p-i.fr\/parlonsen\/wp-content\/uploads\/affiche_colombo.jpg?resize=326%2C417&#038;ssl=1\" alt=\"Castelnau de Montmiral (81)\" width=\"326\" height=\"417\" srcset=\"https:\/\/i0.wp.com\/www.o-p-i.fr\/parlonsen\/wp-content\/uploads\/affiche_colombo.jpg?w=326&amp;ssl=1 326w, https:\/\/i0.wp.com\/www.o-p-i.fr\/parlonsen\/wp-content\/uploads\/affiche_colombo.jpg?resize=234%2C300&amp;ssl=1 234w\" sizes=\"auto, (max-width: 326px) 100vw, 326px\" \/><figcaption id=\"caption-attachment-5216\" class=\"wp-caption-text\">Castelnau de Montmiral (81)<\/figcaption><\/figure>\n<p><span style=\"color: #003366;\"><strong>Tous les<\/strong><\/span> <span style=\"color: #003366;\"><strong>mardis<\/strong><\/span>, je vous propose de vous initier aux<strong> <span style=\"color: #003366;\">techniques du collages ou aux techniques d&rsquo;inclusions de mati\u00e8res.<\/span><\/strong><\/p>\n<p>9h\/12h30 &#8211; 13h30\/17h30, une journ\u00e9e compl\u00e8te pour se consacrer pleinement \u00e0 la cr\u00e9ativit\u00e9 !<\/p>\n<p>Nombre de participants limit\u00e9, d\u00e9couverte et convivialit\u00e9 assur\u00e9es !!!<span style=\"color: #003366;\"><strong><\/strong><\/span><\/p>\n<p><span style=\"color: #003366;\"><strong>Tarif<\/strong><\/span> pour la journ\u00e9e : 90 euros &#8211; Inscription indispensable &#8211;<\/p>\n<p><span style=\"color: #003366;\"><strong>Contact :<\/strong><\/span> <a title=\"En savoir +\" href=\"https:\/\/www.o-p-i.fr\/aupays\/annuaire\/art\/veronique-colombo\/\" target=\"_self\">V\u00e9ronique Colombo<\/a><\/p>\n<p>Je vous fournis pour ces journ\u00e9es tout le mat\u00e9riel d&rsquo;atelier : peinture, pinceaux, support, collages, mati\u00e8res etc.<\/p>\n<p>Pour plus de renseignements, d\u00e9couvrir l\u2019atelier, les travaux r\u00e9alis\u00e9s, etc. :\u00a0<a title=\"Ouvre le site dans une nouvelle fen\u00eatre\" href=\"www.lacroiseedesarts.canalblog.com\" target=\"_blank\"> www.lacroiseedesarts.canalblog.com<\/a><\/p>\n<p><em>Communiqu\u00e9 de <a title=\"En savoir +\" href=\"https:\/\/www.o-p-i.fr\/aupays\/annuaire\/art\/veronique-colombo\/\" target=\"_self\">V\u00e9ronique Colombo<\/a><\/em><\/p>\n","protected":false},"excerpt":{"rendered":"<div class=\"mh-excerpt\">Le dernier stage de l&rsquo;\u00e9t\u00e9 s&rsquo;est termin\u00e9 &#8230;\u00a0 A partir du mois d\u2019octobre, vous pouvez participer aux journ\u00e9es \u00ab\u00a0d\u00e9couvertes\u00a0\u00bb.<\/div>\n","protected":false},"author":2,"featured_media":0,"comment_status":"open","ping_status":"open","sticky":false,"template":"","format":"standard","meta":{"om_disable_all_campaigns":false,"advanced_seo_description":"","jetpack_seo_html_title":"","jetpack_seo_noindex":false,"_jetpack_memberships_contains_paid_content":false,"footnotes":"","_links_to":"","_links_to_target":""},"categories":[51,22,54,648,653],"tags":[158,180,200,287,330,701],"class_list":{"0":"post-5215","1":"post","2":"type-post","3":"status-publish","4":"format-standard","6":"category-artisanat","7":"category-castelnau","8":"category-loisirs","9":"category-cest-la-rentree","10":"category-n-53-septembre-2010","11":"tag-castelnau-de-montmiral","12":"tag-atelier","13":"tag-art","14":"tag-decouverte","15":"tag-rencontre","16":"tag-art-plastique"},"jetpack_featured_media_url":"","views":{"total":0,"cached_at":"","cached_date":1738257387},"jetpack_likes_enabled":true,"jetpack_sharing_enabled":true,"jetpack_shortlink":"https:\/\/wp.me\/pg7Wxj-1m7","jetpack-related-posts":[],"_links":{"self":[{"href":"https:\/\/www.o-p-i.fr\/parlonsen\/wp-json\/wp\/v2\/posts\/5215","targetHints":{"allow":["GET"]}}],"collection":[{"href":"https:\/\/www.o-p-i.fr\/parlonsen\/wp-json\/wp\/v2\/posts"}],"about":[{"href":"https:\/\/www.o-p-i.fr\/parlonsen\/wp-json\/wp\/v2\/types\/post"}],"author":[{"embeddable":true,"href":"https:\/\/www.o-p-i.fr\/parlonsen\/wp-json\/wp\/v2\/users\/2"}],"replies":[{"embeddable":true,"href":"https:\/\/www.o-p-i.fr\/parlonsen\/wp-json\/wp\/v2\/comments?post=5215"}],"version-history":[{"count":0,"href":"https:\/\/www.o-p-i.fr\/parlonsen\/wp-json\/wp\/v2\/posts\/5215\/revisions"}],"wp:attachment":[{"href":"https:\/\/www.o-p-i.fr\/parlonsen\/wp-json\/wp\/v2\/media?parent=5215"}],"wp:term":[{"taxonomy":"category","embeddable":true,"href":"https:\/\/www.o-p-i.fr\/parlonsen\/wp-json\/wp\/v2\/categories?post=5215"},{"taxonomy":"post_tag","embeddable":true,"href":"https:\/\/www.o-p-i.fr\/parlonsen\/wp-json\/wp\/v2\/tags?post=5215"}],"curies":[{"name":"wp","href":"https:\/\/api.w.org\/{rel}","templated":true}]}}