{"id":52206,"date":"2022-10-01T13:52:03","date_gmt":"2022-10-01T12:52:03","guid":{"rendered":"https:\/\/www.o-p-i.fr\/parlonsen\/?p=52206"},"modified":"2022-10-01T13:52:03","modified_gmt":"2022-10-01T12:52:03","slug":"assemblee-generale-la-belle-montee-a-la-salvetat-belmontet-82","status":"publish","type":"post","link":"https:\/\/www.o-p-i.fr\/parlonsen\/localisation\/au-pays-des-tescous\/salvetat\/assemblee-generale-la-belle-montee-a-la-salvetat-belmontet-82\/","title":{"rendered":"Assembl\u00e9e G\u00e9n\u00e9rale \u00ab\u00a0La Belle Mont\u00e9e&#8230;\u00a0\u00bb \u00e0 La Salvetat Belmontet (82)"},"content":{"rendered":"<p><strong>Samedi 22 octobre 2022<\/strong>, \u00e0 18h. \u00e0 la salle des associations.<!--more--><\/p>\n<p>Nous vous invitons \u00e0 y participer si vous le souhaitez, puis \u00e0 partager l&rsquo;ap\u00e9ritif offert par l&rsquo;association \u00e0 l&rsquo;issue de la r\u00e9union et \u00e0 nous accompagner au restaurant pour cl\u00f4turer la soir\u00e9e.<\/p>\n<p><a href=\"https:\/\/www.o-p-i.fr\/parlonsen\/wp-content\/uploads\/Convocation-AG-2022-La-Belle-Montee.pdf\"><strong>Convocation AG 2022 La Belle Mont\u00e9e<\/strong><\/a><\/p>\n<p><strong><a href=\"https:\/\/www.o-p-i.fr\/parlonsen\/wp-content\/uploads\/MENU-RESTAURANT-A.G..pdf\">MENU RESTAURANT A.G.<\/a><\/strong><\/p>\n<p>Jean-Marc SANGLA, Pr\u00e9sident de l&rsquo;association LA BELLE MONTEE LOISIRS ET SPORTS EN QUERCY VERT<\/p>\n<p><em>Information communiqu\u00e9e par Jean-Marc SANGLA\u00a0<\/em><\/p>\n<p><a href=\"https:\/\/www.o-p-i.fr\/aupays\/au-pays\/agenda\/\">Retrouvez tous les \u00e9v\u00e9nements dans l&rsquo;agenda !<\/a><\/p>\n","protected":false},"excerpt":{"rendered":"<div class=\"mh-excerpt\">Samedi 22 octobre 2022, \u00e0 18h. \u00e0 la salle des associations.<\/div>\n","protected":false},"author":4,"featured_media":0,"comment_status":"open","ping_status":"open","sticky":false,"template":"","format":"standard","meta":{"om_disable_all_campaigns":false,"advanced_seo_description":"","jetpack_seo_html_title":"","jetpack_seo_noindex":false,"_jetpack_memberships_contains_paid_content":false,"footnotes":"","_links_to":"","_links_to_target":""},"categories":[52,34,54,53,4855],"tags":[2792,3246,157,181,2619],"class_list":{"0":"post-52206","1":"post","2":"type-post","3":"status-publish","4":"format-standard","6":"category-parlons-en","7":"category-salvetat","8":"category-loisirs","9":"category-sports","10":"category-n-199-octobre-2022","11":"tag-la-belle-montee","12":"tag-aperitif","13":"tag-repas","14":"tag-la-salvetat-belmontet","15":"tag-assemblee-generale"},"jetpack_featured_media_url":"","views":{"total":0,"cached_at":"","cached_date":1738347088},"jetpack_likes_enabled":true,"jetpack_sharing_enabled":true,"jetpack_shortlink":"https:\/\/wp.me\/pg7Wxj-dA2","jetpack-related-posts":[],"_links":{"self":[{"href":"https:\/\/www.o-p-i.fr\/parlonsen\/wp-json\/wp\/v2\/posts\/52206","targetHints":{"allow":["GET"]}}],"collection":[{"href":"https:\/\/www.o-p-i.fr\/parlonsen\/wp-json\/wp\/v2\/posts"}],"about":[{"href":"https:\/\/www.o-p-i.fr\/parlonsen\/wp-json\/wp\/v2\/types\/post"}],"author":[{"embeddable":true,"href":"https:\/\/www.o-p-i.fr\/parlonsen\/wp-json\/wp\/v2\/users\/4"}],"replies":[{"embeddable":true,"href":"https:\/\/www.o-p-i.fr\/parlonsen\/wp-json\/wp\/v2\/comments?post=52206"}],"version-history":[{"count":0,"href":"https:\/\/www.o-p-i.fr\/parlonsen\/wp-json\/wp\/v2\/posts\/52206\/revisions"}],"wp:attachment":[{"href":"https:\/\/www.o-p-i.fr\/parlonsen\/wp-json\/wp\/v2\/media?parent=52206"}],"wp:term":[{"taxonomy":"category","embeddable":true,"href":"https:\/\/www.o-p-i.fr\/parlonsen\/wp-json\/wp\/v2\/categories?post=52206"},{"taxonomy":"post_tag","embeddable":true,"href":"https:\/\/www.o-p-i.fr\/parlonsen\/wp-json\/wp\/v2\/tags?post=52206"}],"curies":[{"name":"wp","href":"https:\/\/api.w.org\/{rel}","templated":true}]}}