{"id":52277,"date":"2022-10-06T06:19:09","date_gmt":"2022-10-06T05:19:09","guid":{"rendered":"https:\/\/www.o-p-i.fr\/parlonsen\/?p=52277"},"modified":"2022-10-06T22:48:10","modified_gmt":"2022-10-06T21:48:10","slug":"cest-la-fete-a-montgaillard-81","status":"publish","type":"post","link":"https:\/\/www.o-p-i.fr\/parlonsen\/localisation\/au-pays-des-tescous\/montgaillard\/cest-la-fete-a-montgaillard-81\/","title":{"rendered":"C&rsquo;est la f\u00eate&#8230;\u00e0 Montgaillard (81)"},"content":{"rendered":"<p><strong>Samedi 8 et dimanche 9 octobre 2022<\/strong><!--more--><\/p>\n<p><img data-recalc-dims=\"1\" loading=\"lazy\" decoding=\"async\" class=\"alignright wp-image-52278\" src=\"https:\/\/i0.wp.com\/www.o-p-i.fr\/parlonsen\/wp-content\/uploads\/Montgaillard-1.jpg?resize=425%2C627&#038;ssl=1\" alt=\"\" width=\"425\" height=\"627\" srcset=\"https:\/\/i0.wp.com\/www.o-p-i.fr\/parlonsen\/wp-content\/uploads\/Montgaillard-1.jpg?resize=203%2C300&amp;ssl=1 203w, https:\/\/i0.wp.com\/www.o-p-i.fr\/parlonsen\/wp-content\/uploads\/Montgaillard-1.jpg?resize=400%2C590&amp;ssl=1 400w, https:\/\/i0.wp.com\/www.o-p-i.fr\/parlonsen\/wp-content\/uploads\/Montgaillard-1.jpg?resize=430%2C634&amp;ssl=1 430w, https:\/\/i0.wp.com\/www.o-p-i.fr\/parlonsen\/wp-content\/uploads\/Montgaillard-1.jpg?resize=150%2C221&amp;ssl=1 150w, https:\/\/i0.wp.com\/www.o-p-i.fr\/parlonsen\/wp-content\/uploads\/Montgaillard-1.jpg?resize=100%2C147&amp;ssl=1 100w, https:\/\/i0.wp.com\/www.o-p-i.fr\/parlonsen\/wp-content\/uploads\/Montgaillard-1.jpg?w=624&amp;ssl=1 624w\" sizes=\"auto, (max-width: 425px) 100vw, 425px\" \/><br \/>\n<strong>SAMEDI 8 OCTOBRE<\/strong><br \/>\n\u2022 14h30 : p\u00e9tanque en doublette<br \/>\n\u2022 19h00 : Bandas \u00abLa pieuvre\u00a0\u00bb<br \/>\n\u2022 20h30 : repas (20\u20ac adultes\/ 10\u20ac enfants moins de 12 ans).<\/p>\n<ul>\n<li>Ap\u00e9ritif,<\/li>\n<li>Salade de pays,<\/li>\n<li>Mounjetade,<\/li>\n<li>fromage,<\/li>\n<li>fruits dessert,<\/li>\n<li>caf\u00e9 et vin compris.<\/li>\n<\/ul>\n<p>R\u00e9servation avant le 1er octobre au 06.30.80.22.21 ou 06.77.93.01.47<\/p>\n<p>\u2022 23h00 : Bal avec \u00ab\u00a0Techny ligh and sound\u00a0\u00bb<\/p>\n<p><strong>DIMANCHE 9 OCTOBRE<\/strong><br \/>\n\u2022 14h30 : p\u00e9tanque en doublette<br \/>\n\u2022 20h00 : Concert \u00abDuo couleur caf\u00e9\u00bb<br \/>\nRestauration sur place<\/p>\n<p>Renseignements: 05 63 94 05 44<\/p>\n<p><em>Information communiqu\u00e9e par le comit\u00e9 des f\u00eates<\/em><\/p>\n<p><a href=\"https:\/\/www.o-p-i.fr\/aupays\/au-pays\/agenda\/\">Retrouvez tous les \u00e9v\u00e9nements dans l&rsquo;agenda !<\/a><\/p>\n","protected":false},"excerpt":{"rendered":"<div class=\"mh-excerpt\">Samedi 8 et dimanche 9 octobre 2022<\/div>\n","protected":false},"author":4,"featured_media":0,"comment_status":"open","ping_status":"open","sticky":false,"template":"","format":"standard","meta":{"om_disable_all_campaigns":false,"advanced_seo_description":"","jetpack_seo_html_title":"","jetpack_seo_noindex":false,"_jetpack_memberships_contains_paid_content":false,"footnotes":"","_links_to":"","_links_to_target":""},"categories":[54,31,4855],"tags":[43,56,156,353,544,1729,3657],"class_list":{"0":"post-52277","1":"post","2":"type-post","3":"status-publish","4":"format-standard","6":"category-loisirs","7":"category-montgaillard","8":"category-n-199-octobre-2022","9":"tag-concert","10":"tag-fete","11":"tag-bal","12":"tag-petanque","13":"tag-montgiscard","14":"tag-mounjetade","15":"tag-bandas"},"jetpack_featured_media_url":"","views":{"total":0,"cached_at":"","cached_date":1738503252},"jetpack_likes_enabled":true,"jetpack_sharing_enabled":true,"jetpack_shortlink":"https:\/\/wp.me\/pg7Wxj-dBb","jetpack-related-posts":[],"_links":{"self":[{"href":"https:\/\/www.o-p-i.fr\/parlonsen\/wp-json\/wp\/v2\/posts\/52277","targetHints":{"allow":["GET"]}}],"collection":[{"href":"https:\/\/www.o-p-i.fr\/parlonsen\/wp-json\/wp\/v2\/posts"}],"about":[{"href":"https:\/\/www.o-p-i.fr\/parlonsen\/wp-json\/wp\/v2\/types\/post"}],"author":[{"embeddable":true,"href":"https:\/\/www.o-p-i.fr\/parlonsen\/wp-json\/wp\/v2\/users\/4"}],"replies":[{"embeddable":true,"href":"https:\/\/www.o-p-i.fr\/parlonsen\/wp-json\/wp\/v2\/comments?post=52277"}],"version-history":[{"count":0,"href":"https:\/\/www.o-p-i.fr\/parlonsen\/wp-json\/wp\/v2\/posts\/52277\/revisions"}],"wp:attachment":[{"href":"https:\/\/www.o-p-i.fr\/parlonsen\/wp-json\/wp\/v2\/media?parent=52277"}],"wp:term":[{"taxonomy":"category","embeddable":true,"href":"https:\/\/www.o-p-i.fr\/parlonsen\/wp-json\/wp\/v2\/categories?post=52277"},{"taxonomy":"post_tag","embeddable":true,"href":"https:\/\/www.o-p-i.fr\/parlonsen\/wp-json\/wp\/v2\/tags?post=52277"}],"curies":[{"name":"wp","href":"https:\/\/api.w.org\/{rel}","templated":true}]}}