{"id":52450,"date":"2022-10-17T12:56:55","date_gmt":"2022-10-17T11:56:55","guid":{"rendered":"https:\/\/www.o-p-i.fr\/parlonsen\/?p=52450"},"modified":"2022-10-17T13:09:16","modified_gmt":"2022-10-17T12:09:16","slug":"conference-sur-la-fondation-de-cordes-a-les-cabannes-cordes-81","status":"publish","type":"post","link":"https:\/\/www.o-p-i.fr\/parlonsen\/parlons-en\/culture\/conference-sur-la-fondation-de-cordes-a-les-cabannes-cordes-81\/","title":{"rendered":"Conf\u00e9rence sur la fondation de Cordes&#8230;\u00e0 Les Cabannes \/Cordes (81)"},"content":{"rendered":"<p><strong>Dimanche 23 octobre 2022<\/strong> \u00e0 17h30, auColombier.<!--more--><\/p>\n<p>Conf\u00e9rence de Sylvie Caucanas: <strong>\u00ab\u00a0La charte de fondation de Cordes de novembre 1222\u00a0\u00bb<\/strong><br \/>\n\u00ad \u00ad \u00ad<br \/>\n\u00adSylvie Caucanas, docteur en histoire m\u00e9di\u00e9vale, ex directrice des Archives D\u00e9partementales de l&rsquo;Aude.<br \/>\nEvocation de la population cordaise et de ses relations avec Raymond VII \u00e0 travers une lecture vivante du document qui a lanc\u00e9 Cordes sur les chemins de l&rsquo;Histoire au 13e si\u00e8cle.<\/p>\n<p>Entr\u00e9e gratuite Sans r\u00e9servation<\/p>\n<p><img data-recalc-dims=\"1\" loading=\"lazy\" decoding=\"async\" class=\"aligncenter size-full wp-image-52451\" src=\"https:\/\/i0.wp.com\/www.o-p-i.fr\/parlonsen\/wp-content\/uploads\/Cordes-2.jpg?resize=709%2C357&#038;ssl=1\" alt=\"\" width=\"709\" height=\"357\" srcset=\"https:\/\/i0.wp.com\/www.o-p-i.fr\/parlonsen\/wp-content\/uploads\/Cordes-2.jpg?w=709&amp;ssl=1 709w, https:\/\/i0.wp.com\/www.o-p-i.fr\/parlonsen\/wp-content\/uploads\/Cordes-2.jpg?resize=300%2C151&amp;ssl=1 300w, https:\/\/i0.wp.com\/www.o-p-i.fr\/parlonsen\/wp-content\/uploads\/Cordes-2.jpg?resize=400%2C201&amp;ssl=1 400w, https:\/\/i0.wp.com\/www.o-p-i.fr\/parlonsen\/wp-content\/uploads\/Cordes-2.jpg?resize=430%2C217&amp;ssl=1 430w, https:\/\/i0.wp.com\/www.o-p-i.fr\/parlonsen\/wp-content\/uploads\/Cordes-2.jpg?resize=150%2C76&amp;ssl=1 150w, https:\/\/i0.wp.com\/www.o-p-i.fr\/parlonsen\/wp-content\/uploads\/Cordes-2.jpg?resize=100%2C50&amp;ssl=1 100w\" sizes=\"auto, (max-width: 709px) 100vw, 709px\" \/><\/p>\n<p><img data-recalc-dims=\"1\" loading=\"lazy\" decoding=\"async\" class=\"alignleft size-full wp-image-45384\" src=\"https:\/\/i0.wp.com\/www.o-p-i.fr\/parlonsen\/wp-content\/uploads\/le-colombier.jpg?resize=170%2C170&#038;ssl=1\" alt=\"\" width=\"170\" height=\"170\" srcset=\"https:\/\/i0.wp.com\/www.o-p-i.fr\/parlonsen\/wp-content\/uploads\/le-colombier.jpg?w=170&amp;ssl=1 170w, https:\/\/i0.wp.com\/www.o-p-i.fr\/parlonsen\/wp-content\/uploads\/le-colombier.jpg?resize=150%2C150&amp;ssl=1 150w\" sizes=\"auto, (max-width: 170px) 100vw, 170px\" \/><\/p>\n<p>&nbsp;<\/p>\n<p><em>\u00a0<strong><a href=\"http:\/\/www.theatrelecolombier\" target=\"_blank\" rel=\"noopener\">Th\u00e9\u00e2tre Le Colombier<\/a><\/strong><\/em><br \/>\n8 rue des Tanneries<br \/>\n81170 Les Cabannes &#8211; Cordes sur Ciel<br \/>\n07 83 26 33 11 &#8211; <a href=\"mailto:contact@theatrelecolombier.fr\" target=\"_blank\" rel=\"noopener\">contact@theatrelecolombier.fr<\/a><\/p>\n<p>&nbsp;<\/p>\n<p>&nbsp;<\/p>\n<p><em>Information communiqu\u00e9e par Sylvie CAUCANAS<\/em><\/p>\n<p><a href=\"https:\/\/www.o-p-i.fr\/aupays\/au-pays\/agenda\/\">Retrouvez tous les \u00e9v\u00e9nements dans l&rsquo;agenda !<\/a><\/p>\n","protected":false},"excerpt":{"rendered":"<div class=\"mh-excerpt\">Dimanche 23 octobre 2022 \u00e0 17h30, auColombier.<\/div>\n","protected":false},"author":4,"featured_media":0,"comment_status":"open","ping_status":"open","sticky":false,"template":"","format":"standard","meta":{"om_disable_all_campaigns":false,"advanced_seo_description":"","jetpack_seo_html_title":"","jetpack_seo_noindex":false,"_jetpack_memberships_contains_paid_content":false,"footnotes":"","_links_to":"","_links_to_target":""},"categories":[42,1,4855],"tags":[234,528,754,4982],"class_list":{"0":"post-52450","1":"post","2":"type-post","3":"status-publish","4":"format-standard","6":"category-a-cote-de-chez-nous","7":"category-culture","8":"category-n-199-octobre-2022","9":"tag-conference","10":"tag-cordes","11":"tag-les-cabannes","12":"tag-histoire-medievale"},"jetpack_featured_media_url":"","views":{"total":0,"cached_at":"","cached_date":1738376327},"jetpack_likes_enabled":true,"jetpack_sharing_enabled":true,"jetpack_shortlink":"https:\/\/wp.me\/pg7Wxj-dDY","jetpack-related-posts":[],"_links":{"self":[{"href":"https:\/\/www.o-p-i.fr\/parlonsen\/wp-json\/wp\/v2\/posts\/52450","targetHints":{"allow":["GET"]}}],"collection":[{"href":"https:\/\/www.o-p-i.fr\/parlonsen\/wp-json\/wp\/v2\/posts"}],"about":[{"href":"https:\/\/www.o-p-i.fr\/parlonsen\/wp-json\/wp\/v2\/types\/post"}],"author":[{"embeddable":true,"href":"https:\/\/www.o-p-i.fr\/parlonsen\/wp-json\/wp\/v2\/users\/4"}],"replies":[{"embeddable":true,"href":"https:\/\/www.o-p-i.fr\/parlonsen\/wp-json\/wp\/v2\/comments?post=52450"}],"version-history":[{"count":0,"href":"https:\/\/www.o-p-i.fr\/parlonsen\/wp-json\/wp\/v2\/posts\/52450\/revisions"}],"wp:attachment":[{"href":"https:\/\/www.o-p-i.fr\/parlonsen\/wp-json\/wp\/v2\/media?parent=52450"}],"wp:term":[{"taxonomy":"category","embeddable":true,"href":"https:\/\/www.o-p-i.fr\/parlonsen\/wp-json\/wp\/v2\/categories?post=52450"},{"taxonomy":"post_tag","embeddable":true,"href":"https:\/\/www.o-p-i.fr\/parlonsen\/wp-json\/wp\/v2\/tags?post=52450"}],"curies":[{"name":"wp","href":"https:\/\/api.w.org\/{rel}","templated":true}]}}