{"id":52479,"date":"2022-10-19T10:13:34","date_gmt":"2022-10-19T09:13:34","guid":{"rendered":"https:\/\/www.o-p-i.fr\/parlonsen\/?p=52479"},"modified":"2022-10-19T12:56:22","modified_gmt":"2022-10-19T11:56:22","slug":"loto-du-foot-a-monclar-de-quercy-82","status":"publish","type":"post","link":"https:\/\/www.o-p-i.fr\/parlonsen\/localisation\/au-pays-des-tescous\/monclar\/loto-du-foot-a-monclar-de-quercy-82\/","title":{"rendered":"Loto du Foot&#8230; \u00e0 Monclar de Quercy (82)"},"content":{"rendered":"<p><strong>Samedi 5 novembre 2022<\/strong>, \u00e0 20h.30, \u00e0 la salle des f\u00eates (groupe scolaire).<!--more--><\/p>\n<p><img data-recalc-dims=\"1\" loading=\"lazy\" decoding=\"async\" class=\"aligncenter size-full wp-image-52482\" src=\"https:\/\/i0.wp.com\/www.o-p-i.fr\/parlonsen\/wp-content\/uploads\/loto-foot-a.jpg?resize=607%2C878&#038;ssl=1\" alt=\"\" width=\"607\" height=\"878\" srcset=\"https:\/\/i0.wp.com\/www.o-p-i.fr\/parlonsen\/wp-content\/uploads\/loto-foot-a.jpg?w=607&amp;ssl=1 607w, https:\/\/i0.wp.com\/www.o-p-i.fr\/parlonsen\/wp-content\/uploads\/loto-foot-a.jpg?resize=207%2C300&amp;ssl=1 207w, https:\/\/i0.wp.com\/www.o-p-i.fr\/parlonsen\/wp-content\/uploads\/loto-foot-a.jpg?resize=400%2C579&amp;ssl=1 400w, https:\/\/i0.wp.com\/www.o-p-i.fr\/parlonsen\/wp-content\/uploads\/loto-foot-a.jpg?resize=430%2C622&amp;ssl=1 430w, https:\/\/i0.wp.com\/www.o-p-i.fr\/parlonsen\/wp-content\/uploads\/loto-foot-a.jpg?resize=150%2C217&amp;ssl=1 150w, https:\/\/i0.wp.com\/www.o-p-i.fr\/parlonsen\/wp-content\/uploads\/loto-foot-a.jpg?resize=100%2C145&amp;ssl=1 100w\" sizes=\"auto, (max-width: 607px) 100vw, 607px\" \/><\/p>\n<p><strong>Tarif cartons:<\/strong><\/p>\n<p>3 \u20acuros 1 carton<br \/>\n10 \u20acuros 4 cartons<br \/>\n20 \u20acuros 10 cartons<\/p>\n<p><strong>Contact :\u00a0<\/strong>Roubellat<br \/>\nT\u00e9l. :06 82 37 19 65<\/p>\n<p><em>Information communiqu\u00e9e par Emmanuelle ALCAMO<\/em><\/p>\n<p><a href=\"https:\/\/www.o-p-i.fr\/aupays\/au-pays\/agenda\/\">Retrouvez tous les \u00e9v\u00e9nements dans l&rsquo;agenda !<\/a><\/p>\n","protected":false},"excerpt":{"rendered":"<div class=\"mh-excerpt\">Samedi 5 novembre 2022, \u00e0 20h.30, \u00e0 la salle des f\u00eates (groupe scolaire).<\/div>\n","protected":false},"author":4,"featured_media":0,"comment_status":"open","ping_status":"open","sticky":false,"template":"","format":"standard","meta":{"om_disable_all_campaigns":false,"advanced_seo_description":"","jetpack_seo_html_title":"","jetpack_seo_noindex":false,"_jetpack_memberships_contains_paid_content":false,"footnotes":"","_links_to":"","_links_to_target":""},"categories":[16,54,4916],"tags":[143,193,1438,4985],"class_list":{"0":"post-52479","1":"post","2":"type-post","3":"status-publish","4":"format-standard","6":"category-monclar","7":"category-loisirs","8":"category-n-200-novembre-2022","9":"tag-monclar-de-quercy","10":"tag-loto","11":"tag-foot","12":"tag-usmqv"},"jetpack_featured_media_url":"","views":{"total":0,"cached_at":"","cached_date":1738152062},"jetpack_likes_enabled":true,"jetpack_sharing_enabled":true,"jetpack_shortlink":"https:\/\/wp.me\/pg7Wxj-dEr","jetpack-related-posts":[],"_links":{"self":[{"href":"https:\/\/www.o-p-i.fr\/parlonsen\/wp-json\/wp\/v2\/posts\/52479","targetHints":{"allow":["GET"]}}],"collection":[{"href":"https:\/\/www.o-p-i.fr\/parlonsen\/wp-json\/wp\/v2\/posts"}],"about":[{"href":"https:\/\/www.o-p-i.fr\/parlonsen\/wp-json\/wp\/v2\/types\/post"}],"author":[{"embeddable":true,"href":"https:\/\/www.o-p-i.fr\/parlonsen\/wp-json\/wp\/v2\/users\/4"}],"replies":[{"embeddable":true,"href":"https:\/\/www.o-p-i.fr\/parlonsen\/wp-json\/wp\/v2\/comments?post=52479"}],"version-history":[{"count":0,"href":"https:\/\/www.o-p-i.fr\/parlonsen\/wp-json\/wp\/v2\/posts\/52479\/revisions"}],"wp:attachment":[{"href":"https:\/\/www.o-p-i.fr\/parlonsen\/wp-json\/wp\/v2\/media?parent=52479"}],"wp:term":[{"taxonomy":"category","embeddable":true,"href":"https:\/\/www.o-p-i.fr\/parlonsen\/wp-json\/wp\/v2\/categories?post=52479"},{"taxonomy":"post_tag","embeddable":true,"href":"https:\/\/www.o-p-i.fr\/parlonsen\/wp-json\/wp\/v2\/tags?post=52479"}],"curies":[{"name":"wp","href":"https:\/\/api.w.org\/{rel}","templated":true}]}}