{"id":52571,"date":"2022-10-23T13:57:36","date_gmt":"2022-10-23T12:57:36","guid":{"rendered":"https:\/\/www.o-p-i.fr\/parlonsen\/?p=52571"},"modified":"2022-10-23T13:57:36","modified_gmt":"2022-10-23T12:57:36","slug":"the-dansant-a-vaissac-82-13","status":"publish","type":"post","link":"https:\/\/www.o-p-i.fr\/parlonsen\/localisation\/a-cote-de-chez-nous\/the-dansant-a-vaissac-82-13\/","title":{"rendered":"Th\u00e9 dansant &#8230; \u00e0 Va\u00efssac (82)"},"content":{"rendered":"<p><strong>Dimanche 13 novembre 2022<\/strong>, de 14h.30 \u00e0 19h., \u00e0 la salle des f\u00eates. <!--more--><\/p>\n<p><img data-recalc-dims=\"1\" loading=\"lazy\" decoding=\"async\" class=\"alignright size-full wp-image-52572\" src=\"https:\/\/i0.wp.com\/www.o-p-i.fr\/parlonsen\/wp-content\/uploads\/the-Vaissac.jpg?resize=425%2C282&#038;ssl=1\" alt=\"\" width=\"425\" height=\"282\" srcset=\"https:\/\/i0.wp.com\/www.o-p-i.fr\/parlonsen\/wp-content\/uploads\/the-Vaissac.jpg?w=425&amp;ssl=1 425w, https:\/\/i0.wp.com\/www.o-p-i.fr\/parlonsen\/wp-content\/uploads\/the-Vaissac.jpg?resize=300%2C199&amp;ssl=1 300w, https:\/\/i0.wp.com\/www.o-p-i.fr\/parlonsen\/wp-content\/uploads\/the-Vaissac.jpg?resize=400%2C265&amp;ssl=1 400w, https:\/\/i0.wp.com\/www.o-p-i.fr\/parlonsen\/wp-content\/uploads\/the-Vaissac.jpg?resize=150%2C100&amp;ssl=1 150w, https:\/\/i0.wp.com\/www.o-p-i.fr\/parlonsen\/wp-content\/uploads\/the-Vaissac.jpg?resize=100%2C66&amp;ssl=1 100w\" sizes=\"auto, (max-width: 425px) 100vw, 425px\" \/><br \/>\nTHE DANSANT organis\u00e9 par le comit\u00e9 des f\u00eates de VA\u00cfSSAC.<\/p>\n<p>Dimanche 13 novembre 2022 anim\u00e9 par l&rsquo;<strong>orchestre de DANIELLI<\/strong> Rafra\u00eechissements et p\u00e2tisseries offertes<\/p>\n<p>R\u00e9servation souhait\u00e9e pour une bonne organisation au 06-04-45-19-63<\/p>\n<ul>\n<li><strong>Date de l&rsquo;\u00e9v\u00e9nement<\/strong> : Dimanche 13 novembre 2022<\/li>\n<li><strong>Horaires<\/strong> : 14h.30 \u00e0 19h.<\/li>\n<li><strong>Pour y aller<\/strong> : SALLE DES FETES 82800-Va\u00efssac<\/li>\n<li><strong>Tarifs<\/strong> : 10 \u20acuros<\/li>\n<li><strong>Organisateur<\/strong> : COMITE DES FETES DE VAISSAC<\/li>\n<li><strong>Contact<\/strong> : au bourg<br \/>\n82800-vaissac<br \/>\nT\u00e9l. :06 04 45 19 63<br \/>\nCourriel : <a href=\"mailto:prigent.sylvie@gmail.com\" target=\"_blank\" rel=\"noopener\">prigent.sylvie@gmail.com<\/a>.<\/li>\n<\/ul>\n<p><em>Information communiqu\u00e9e par\u00a0 Isabelle GAVALDA<\/em><\/p>\n<p><a href=\"&lt;a href=&quot;http:\/\/www.o-p-i.fr\/parlonsen\/agenda\/&quot;&gt;&lt;strong&gt;Retrouvez tous les \u00e9v\u00e9nements dans l'agenda !&lt;\/strong&gt;&lt;\/a&gt;\">Retrouvez tous les \u00e9v\u00e9nements dans l&rsquo;agenda !<\/a><\/p>\n","protected":false},"excerpt":{"rendered":"<div class=\"mh-excerpt\">Dimanche 13 novembre 2022, de 14h.30 \u00e0 19h., \u00e0 la salle des f\u00eates.<\/div>\n","protected":false},"author":4,"featured_media":0,"comment_status":"open","ping_status":"open","sticky":false,"template":"","format":"standard","meta":{"om_disable_all_campaigns":false,"advanced_seo_description":"","jetpack_seo_html_title":"","jetpack_seo_noindex":false,"_jetpack_memberships_contains_paid_content":false,"footnotes":"","_links_to":"","_links_to_target":""},"categories":[42,54,4916],"tags":[80,315,803,4702],"class_list":{"0":"post-52571","1":"post","2":"type-post","3":"status-publish","4":"format-standard","6":"category-a-cote-de-chez-nous","7":"category-loisirs","8":"category-n-200-novembre-2022","9":"tag-the-dansant","10":"tag-vaissac","11":"tag-comite-des-fetes","12":"tag-patisseries"},"jetpack_featured_media_url":"","views":{"total":0,"cached_at":"","cached_date":1738468227},"jetpack_likes_enabled":true,"jetpack_sharing_enabled":true,"jetpack_shortlink":"https:\/\/wp.me\/pg7Wxj-dFV","jetpack-related-posts":[],"_links":{"self":[{"href":"https:\/\/www.o-p-i.fr\/parlonsen\/wp-json\/wp\/v2\/posts\/52571","targetHints":{"allow":["GET"]}}],"collection":[{"href":"https:\/\/www.o-p-i.fr\/parlonsen\/wp-json\/wp\/v2\/posts"}],"about":[{"href":"https:\/\/www.o-p-i.fr\/parlonsen\/wp-json\/wp\/v2\/types\/post"}],"author":[{"embeddable":true,"href":"https:\/\/www.o-p-i.fr\/parlonsen\/wp-json\/wp\/v2\/users\/4"}],"replies":[{"embeddable":true,"href":"https:\/\/www.o-p-i.fr\/parlonsen\/wp-json\/wp\/v2\/comments?post=52571"}],"version-history":[{"count":0,"href":"https:\/\/www.o-p-i.fr\/parlonsen\/wp-json\/wp\/v2\/posts\/52571\/revisions"}],"wp:attachment":[{"href":"https:\/\/www.o-p-i.fr\/parlonsen\/wp-json\/wp\/v2\/media?parent=52571"}],"wp:term":[{"taxonomy":"category","embeddable":true,"href":"https:\/\/www.o-p-i.fr\/parlonsen\/wp-json\/wp\/v2\/categories?post=52571"},{"taxonomy":"post_tag","embeddable":true,"href":"https:\/\/www.o-p-i.fr\/parlonsen\/wp-json\/wp\/v2\/tags?post=52571"}],"curies":[{"name":"wp","href":"https:\/\/api.w.org\/{rel}","templated":true}]}}