{"id":52632,"date":"2022-10-27T22:19:39","date_gmt":"2022-10-27T21:19:39","guid":{"rendered":"https:\/\/www.o-p-i.fr\/parlonsen\/?p=52632"},"modified":"2022-10-27T22:21:37","modified_gmt":"2022-10-27T21:21:37","slug":"la-belle-montee-la-salvetat-belmontet-82","status":"publish","type":"post","link":"https:\/\/www.o-p-i.fr\/parlonsen\/localisation\/au-pays-des-tescous\/salvetat\/la-belle-montee-la-salvetat-belmontet-82\/","title":{"rendered":"\u00ab\u00a0La Belle Mont\u00e9e\u00a0\u00bb &#8230; La Salvetat Belmontet (82)"},"content":{"rendered":"<p>Programme des randonn\u00e9es de <strong>novembre et d\u00e9cembre 2022.<\/strong><!--more--><\/p>\n<p dir=\"ltr\">ASSOCIATION LA BELLE MONTEE &#8211; Loisirs et sports en Quercy Vert.<\/p>\n<p dir=\"ltr\">Pour une bonne organisation des randonn\u00e9es, nous vous remercions de vous inscrire\u00a0 au plus tard la veille de la randonn\u00e9e par t\u00e9l\u00e9phone ou SMS :<\/p>\n<ul>\n<li dir=\"ltr\">\n<p dir=\"ltr\">Pour les randos longues du jeudi et celles du week-end :<\/p>\n<ul>\n<li dir=\"ltr\">\n<p dir=\"ltr\">Serge Lafon : 06.33.83.02.01,<\/p>\n<\/li>\n<li dir=\"ltr\">Nicole Ducos : 07.69.26.50.48,<\/li>\n<li dir=\"ltr\">Jeannette Castella : 06 32 92 46 39.<\/li>\n<\/ul>\n<\/li>\n<\/ul>\n<ul>\n<li dir=\"ltr\">\n<p dir=\"ltr\">Pour les randos courtes du jeudi :<\/p>\n<ul>\n<li dir=\"ltr\">\n<p dir=\"ltr\">Genevi\u00e8ve Dourel : 06.28.35.48.78.<\/p>\n<\/li>\n<\/ul>\n<\/li>\n<\/ul>\n<p dir=\"ltr\"><strong>Lieu de d\u00e9part des randonn\u00e9es et Horaires<\/strong><\/p>\n<ul>\n<li dir=\"ltr\">Point de RDV : Maison des Associations (pr\u00e8s de l&rsquo;\u00e9glise) \u00e0 La Salvetat-Belmontet<\/li>\n<li dir=\"ltr\">Tarif du covoiturage : 3 euros. Le covoiturage est possible, mais pas obligatoire.<\/li>\n<li dir=\"ltr\">Horaires :\n<ul>\n<li dir=\"ltr\">Randos longues du jeudi et celles du week-end : Rdv 13h15 pour d\u00e9part 13h30<\/li>\n<li dir=\"ltr\">Randos courtes : Rdv 13h45 pour d\u00e9part 14h<\/li>\n<\/ul>\n<\/li>\n<\/ul>\n<p dir=\"ltr\"><strong>Programme du jeudi\u00a0: Version longue (d\u00e9part 13h30)<\/strong><\/p>\n<ul>\n<li dir=\"ltr\">03\/11 : Castelnau de Montmiral &#8211; Chemin de Gradille &#8211; 9,5 kms &#8211; 2h40 &#8211; facile<\/li>\n<li dir=\"ltr\">10\/11 : St Antonin &#8211; PR1 le cirque de Nibouzou &#8211; 7,8 kms &#8211; 2h30 &#8211; moyen (d\u00e9nivel\u00e9)<\/li>\n<li dir=\"ltr\">17\/11 : Bruniquel &#8211; Circuit des moulins &#8211; 12,5 kms &#8211; 3h30 &#8211; moyen (longueur)<\/li>\n<li dir=\"ltr\">24\/11 : Castelnau d&rsquo;Estretefonds &#8211; balade entre village et vignoble &#8211; 9 kms &#8211; 2h30 &#8211; facile<\/li>\n<li dir=\"ltr\">01\/12 : Septfonds &#8211; le Roc du saut &#8211; 7,5 kms &#8211; 2h30 &#8211; moyen (d\u00e9nivel\u00e9)<\/li>\n<li dir=\"ltr\">08\/12 : St Antonin &#8211; PR7 Negro Crabo &#8211; 7,3 kms &#8211; 2h30 &#8211; facile<\/li>\n<li dir=\"ltr\">15\/12 : Rando courte et longue : d\u00e9part 9h00 (RDV 8h45) car suivi d&rsquo;un repas au restaurant \u00ab\u00a0la cour de r\u00e9cr\u00e9\u00a0\u00bb \u00e0 Mirepoix. Layrac &#8211; la Gravette &#8211; 7,5 kms &#8211; 2h30 &#8211; facile<\/li>\n<li dir=\"ltr\">22\/12 : Bruniquel &#8211; PR2 Circuit de l&rsquo;Escourat &#8211; 11 kms &#8211; 3h30 &#8211; moyen (longueur)<\/li>\n<\/ul>\n<p dir=\"ltr\"><strong>Programme du jeudi\u00a0: Version courte (d\u00e9part 14h)<\/strong><\/p>\n<ul>\n<li dir=\"ltr\">03\/11 : Puycelsi &#8211; Au bord de l&rsquo;Audoulou &#8211; 5,30 kms &#8211; 1h30 &#8211; facile<\/li>\n<li dir=\"ltr\">10\/11 : Larroque &#8211; Sentier de Mespel &#8211; 5,6 kms &#8211; 2h00 &#8211; Moyen (d\u00e9nivel\u00e9)<\/li>\n<li dir=\"ltr\">17\/11 : Grisolles &#8211; les coteaux de Garonne &#8211; 6,5 kms &#8211; 2h00 &#8211; facile<\/li>\n<li dir=\"ltr\">24\/11 : Va\u00efssac Revel &#8211; le lac du Gouyre &#8211; 6 kms &#8211; 2h00 &#8211; facile<\/li>\n<li dir=\"ltr\">01\/12 : Nohic &#8211; balade en plaine &#8211; 6 kms &#8211; 2h00 &#8211; facile<\/li>\n<li dir=\"ltr\">08\/12 : St Cirq &#8211; Ch\u00e2teau de Fonlongues &#8211; 5,30 kms &#8211; 1h30 &#8211; facile<\/li>\n<li dir=\"ltr\">15\/12 : voir version longue<\/li>\n<li dir=\"ltr\">22\/12 : St Caprais &#8211; la patte noire \/ Canguise &#8211; 6 kms &#8211; 2h00 &#8211; moyen<\/li>\n<\/ul>\n<p>&nbsp;<\/p>\n<p dir=\"ltr\"><strong>Programme Week-End\u00a0: Alternativement Samedi \/ Dimanche\u00a0<\/strong><\/p>\n<ul>\n<li dir=\"ltr\">S 05\/11 : Bondigoux &#8211; le pech des Agnels &#8211; 8,7 kms &#8211; 2h30 &#8211; facile<\/li>\n<li dir=\"ltr\">D 13\/11 : Lacourt St Pierre &#8211; Parcours vert &#8211; 6,8 kms &#8211; 2h30 &#8211; facile<\/li>\n<li dir=\"ltr\">S 19\/11 : Montauban &#8211; Les coteaux de L\u00e9ojac &#8211; 12,10 kms -3h00 &#8211; moyen (longueur)<\/li>\n<li dir=\"ltr\">D 20\/11 : pas de programmation, mais possibilit\u00e9 de participer \u00e0 la <strong>Ronde du Gaillac primeur<\/strong> &#8211; <a href=\"https:\/\/www.o-p-i.fr\/parlonsen\/parlons-en\/agriculture\/la-ronde-du-gaillac-primeur-a-cadalen-81\/\" target=\"_blank\" rel=\"noopener\">cliquez ici<\/a><\/li>\n<li dir=\"ltr\">D 27\/11 : Larroque &#8211; Sentier de Mespel variante &#8211; 7,2 kms &#8211; 2h30 &#8211; Moyen (d\u00e9nivel\u00e9)<\/li>\n<li dir=\"ltr\">S 03\/12 : St Etienne de Tulmont &#8211; circuit de Pousini\u00e8s &#8211; 11 kms &#8211; 3h00 &#8211; moyen (longueur)<\/li>\n<li dir=\"ltr\">D 11\/12 : L&rsquo;Honor de Cos &#8211; PR2 Circuit de Padi\u00e9 &#8211; 7 kms &#8211; 2h00 &#8211; facile<\/li>\n<li dir=\"ltr\">S 17\/12 : Septfonds &#8211; PR1 &#8211; la tombe du G\u00e9ant &#8211; 10 kms &#8211; 2h45 &#8211; facile<\/li>\n<\/ul>\n<p dir=\"ltr\"><strong>Rappel<\/strong> :\u00a0 Les informations concernant Distance\/Dur\u00e9e\/Difficult\u00e9 sont donn\u00e9es \u00e0 titre indicatif. La dur\u00e9e ne comprend pas les temps de pause, de repas ou de pique-nique et peut varier en fonction du niveau des randonneurs pr\u00e9sents.<\/p>\n<p dir=\"ltr\">En cas de probl\u00e8me d&rsquo;encadrement, de m\u00e9t\u00e9o, ou tout autre impr\u00e9vu, les organisateurs pourront \u00eatre amen\u00e9s \u00e0 changer le parcours initialement pr\u00e9vu, c&rsquo;est pourquoi nous vous conseillons de toujours venir au point de rendez-vous \u00e0 la salle des associations, parking de l&rsquo;\u00e9glise de La Salvetat.<\/p>\n<p dir=\"ltr\">Consignes sanitaires : RAS pour le moment<\/p>\n<p dir=\"ltr\">Mais Si sympt\u00f4mes du Covid-19 : restez chez soi et pr\u00e9venir l&rsquo;animateur si des signes apparaissent dans la semaine suivant la randonn\u00e9e<\/p>\n<p dir=\"ltr\">En cas d&rsquo;\u00e9volution du Covid19, nous vous tiendrons inform\u00e9s des dispositions particuli\u00e8res susceptibles d&rsquo;\u00eatre mises en place.<\/p>\n<p>&nbsp;<\/p>\n<p dir=\"ltr\"><strong>POUR LES CYCLISTES SUR ROUTE\u00a0:\u00a0<\/strong><\/p>\n<p dir=\"ltr\">Le dimanche matin rendez-vous \u00e0 la salle des associations de La Salvetat \u00e0 8h00 (8h30 lorsque le jour n&rsquo;est pas encore lev\u00e9). Il est conseill\u00e9 de prendre contact avec les organisateurs ci-dessous.<\/p>\n<p dir=\"ltr\">Les parcours seront \u00e9tablis en fonction des participants et de la m\u00e9t\u00e9o (g\u00e9n\u00e9ralement de 60 \u00e0 100 km). En cas de participation \u00e0 des sorties organis\u00e9es par d&rsquo;autres clubs le lieu de rendez-vous et d\u00e9part pourra changer. En cas de mauvais temps, le jour ou l&rsquo;heure de d\u00e9part pourront \u00e9galement changer.<\/p>\n<p dir=\"ltr\">Le mercredi apr\u00e8s-midi au d\u00e9part de Verlhac (durant les heures d&rsquo;\u00e9t\u00e9).<\/p>\n<p dir=\"ltr\">Contacts\u00a0: E. VIES 06-08-88-63-37 \/ J.M. SANGLA 05-63-30-34-16<\/p>\n<p dir=\"ltr\">Vous pouvez \u00e9galement trouver des informations et des photos de nos randonn\u00e9es sur le site internet de l&rsquo;association \u00e0 l&rsquo;adresse\u00a0: <a href=\"http:\/\/la-belle-montee.clubeo.com\/\" target=\"_blank\" rel=\"noopener noreferrer\">http:\/\/la-belle-montee.clubeo.com<\/a>.<\/p>\n<p dir=\"ltr\">Contacts\u00a0: Mail\u00a0: <a href=\"mailto:jeanmarc.sangla@gmail.com\" rel=\"noreferrer\">jeanmarc.sangla@gmail.com<\/a> \u2013 T\u00e9l\u00e9phone\u00a0: Jean-Marc SANGLA 05-63-30-34-16<\/p>\n<p dir=\"ltr\"><em>Information communiqu\u00e9e par Jean-Marc SANGLA<\/em><\/p>\n","protected":false},"excerpt":{"rendered":"<div class=\"mh-excerpt\">Programme des randonn\u00e9es de novembre et d\u00e9cembre 2022.<\/div>\n","protected":false},"author":4,"featured_media":0,"comment_status":"open","ping_status":"open","sticky":false,"template":"","format":"standard","meta":{"om_disable_all_campaigns":false,"advanced_seo_description":"","jetpack_seo_html_title":"","jetpack_seo_noindex":false,"_jetpack_memberships_contains_paid_content":false,"footnotes":"","_links_to":"","_links_to_target":""},"categories":[34,54,53,4916,4945],"tags":[181,2792,4898],"class_list":{"0":"post-52632","1":"post","2":"type-post","3":"status-publish","4":"format-standard","6":"category-salvetat","7":"category-loisirs","8":"category-sports","9":"category-n-200-novembre-2022","10":"category-n-201-decembre-2022","11":"tag-la-salvetat-belmontet","12":"tag-la-belle-montee","13":"tag-programme-randonnees"},"jetpack_featured_media_url":"","views":{"total":0,"cached_at":"","cached_date":1738382166},"jetpack_likes_enabled":true,"jetpack_sharing_enabled":true,"jetpack_shortlink":"https:\/\/wp.me\/pg7Wxj-dGU","jetpack-related-posts":[],"_links":{"self":[{"href":"https:\/\/www.o-p-i.fr\/parlonsen\/wp-json\/wp\/v2\/posts\/52632","targetHints":{"allow":["GET"]}}],"collection":[{"href":"https:\/\/www.o-p-i.fr\/parlonsen\/wp-json\/wp\/v2\/posts"}],"about":[{"href":"https:\/\/www.o-p-i.fr\/parlonsen\/wp-json\/wp\/v2\/types\/post"}],"author":[{"embeddable":true,"href":"https:\/\/www.o-p-i.fr\/parlonsen\/wp-json\/wp\/v2\/users\/4"}],"replies":[{"embeddable":true,"href":"https:\/\/www.o-p-i.fr\/parlonsen\/wp-json\/wp\/v2\/comments?post=52632"}],"version-history":[{"count":0,"href":"https:\/\/www.o-p-i.fr\/parlonsen\/wp-json\/wp\/v2\/posts\/52632\/revisions"}],"wp:attachment":[{"href":"https:\/\/www.o-p-i.fr\/parlonsen\/wp-json\/wp\/v2\/media?parent=52632"}],"wp:term":[{"taxonomy":"category","embeddable":true,"href":"https:\/\/www.o-p-i.fr\/parlonsen\/wp-json\/wp\/v2\/categories?post=52632"},{"taxonomy":"post_tag","embeddable":true,"href":"https:\/\/www.o-p-i.fr\/parlonsen\/wp-json\/wp\/v2\/tags?post=52632"}],"curies":[{"name":"wp","href":"https:\/\/api.w.org\/{rel}","templated":true}]}}