{"id":52709,"date":"2022-11-03T22:43:05","date_gmt":"2022-11-03T21:43:05","guid":{"rendered":"https:\/\/www.o-p-i.fr\/parlonsen\/?p=52709"},"modified":"2022-11-03T23:04:46","modified_gmt":"2022-11-03T22:04:46","slug":"festival-a-genebrieres-82-2","status":"publish","type":"post","link":"https:\/\/www.o-p-i.fr\/parlonsen\/localisation\/au-pays-des-tescous\/genebrieres\/festival-a-genebrieres-82-2\/","title":{"rendered":"Festival &#8230;\u00e0 G\u00e8nebri\u00e8res (82)"},"content":{"rendered":"<p><strong>Vendredi 4, samedi 5 et dimanche 6 novembre 2022<\/strong>, salle des f\u00eates. <!--more--><\/p>\n<div>Les Tr\u00e9teaux de la Tauge ont le plaisir de vous convier \u00e0 leur festival de th\u00e9\u00e2tre des 4-5-6 novembre 2022: cette ann\u00e9e nous recevons 2 troupes du Tarn et Garonne et une de la Haute Garonne<\/div>\n<div>Durant ce beau week-end, vous pourrez retrouver la buvette ainsi qu&rsquo;une petite restauration \u00ab\u00a0maison\u00a0\u00bb. Il se terminera par un repas partag\u00e9 \u00e0 19h30. o\u00f9 spectateurs et com\u00e9diens pourront \u00e9changer. Chacun apporte sa sp\u00e9cialit\u00e9 sal\u00e9e ou sucr\u00e9e ainsi que ses couverts.<\/div>\n<p><img data-recalc-dims=\"1\" loading=\"lazy\" decoding=\"async\" class=\"aligncenter size-full wp-image-52711\" src=\"https:\/\/i0.wp.com\/www.o-p-i.fr\/parlonsen\/wp-content\/uploads\/festival-theatre-2022-programme.jpg?resize=1754%2C1240&#038;ssl=1\" alt=\"\" width=\"1754\" height=\"1240\" srcset=\"https:\/\/i0.wp.com\/www.o-p-i.fr\/parlonsen\/wp-content\/uploads\/festival-theatre-2022-programme.jpg?w=1754&amp;ssl=1 1754w, https:\/\/i0.wp.com\/www.o-p-i.fr\/parlonsen\/wp-content\/uploads\/festival-theatre-2022-programme.jpg?resize=300%2C212&amp;ssl=1 300w, https:\/\/i0.wp.com\/www.o-p-i.fr\/parlonsen\/wp-content\/uploads\/festival-theatre-2022-programme.jpg?resize=1024%2C724&amp;ssl=1 1024w, https:\/\/i0.wp.com\/www.o-p-i.fr\/parlonsen\/wp-content\/uploads\/festival-theatre-2022-programme.jpg?resize=768%2C543&amp;ssl=1 768w, https:\/\/i0.wp.com\/www.o-p-i.fr\/parlonsen\/wp-content\/uploads\/festival-theatre-2022-programme.jpg?resize=1536%2C1086&amp;ssl=1 1536w, https:\/\/i0.wp.com\/www.o-p-i.fr\/parlonsen\/wp-content\/uploads\/festival-theatre-2022-programme.jpg?resize=750%2C530&amp;ssl=1 750w, https:\/\/i0.wp.com\/www.o-p-i.fr\/parlonsen\/wp-content\/uploads\/festival-theatre-2022-programme.jpg?resize=400%2C283&amp;ssl=1 400w, https:\/\/i0.wp.com\/www.o-p-i.fr\/parlonsen\/wp-content\/uploads\/festival-theatre-2022-programme.jpg?resize=430%2C304&amp;ssl=1 430w, https:\/\/i0.wp.com\/www.o-p-i.fr\/parlonsen\/wp-content\/uploads\/festival-theatre-2022-programme.jpg?resize=150%2C106&amp;ssl=1 150w, https:\/\/i0.wp.com\/www.o-p-i.fr\/parlonsen\/wp-content\/uploads\/festival-theatre-2022-programme.jpg?resize=100%2C71&amp;ssl=1 100w\" sizes=\"auto, (max-width: 1000px) 100vw, 1000px\" \/><\/p>\n<p><img data-recalc-dims=\"1\" loading=\"lazy\" decoding=\"async\" class=\"aligncenter size-full wp-image-52710\" src=\"https:\/\/i0.wp.com\/www.o-p-i.fr\/parlonsen\/wp-content\/uploads\/genebriere-festival.jpg?resize=709%2C1007&#038;ssl=1\" alt=\"\" width=\"709\" height=\"1007\" srcset=\"https:\/\/i0.wp.com\/www.o-p-i.fr\/parlonsen\/wp-content\/uploads\/genebriere-festival.jpg?w=709&amp;ssl=1 709w, https:\/\/i0.wp.com\/www.o-p-i.fr\/parlonsen\/wp-content\/uploads\/genebriere-festival.jpg?resize=211%2C300&amp;ssl=1 211w, https:\/\/i0.wp.com\/www.o-p-i.fr\/parlonsen\/wp-content\/uploads\/genebriere-festival.jpg?resize=400%2C568&amp;ssl=1 400w, https:\/\/i0.wp.com\/www.o-p-i.fr\/parlonsen\/wp-content\/uploads\/genebriere-festival.jpg?resize=430%2C611&amp;ssl=1 430w, https:\/\/i0.wp.com\/www.o-p-i.fr\/parlonsen\/wp-content\/uploads\/genebriere-festival.jpg?resize=150%2C213&amp;ssl=1 150w, https:\/\/i0.wp.com\/www.o-p-i.fr\/parlonsen\/wp-content\/uploads\/genebriere-festival.jpg?resize=100%2C142&amp;ssl=1 100w\" sizes=\"auto, (max-width: 709px) 100vw, 709px\" \/><\/p>\n<p><em>Information communiqu\u00e9e par Anne GARDES<\/em><\/p>\n<p><a href=\"http:\/\/www.o-p-i.fr\/parlonsen\/agenda\/\">Retrouvez tous les \u00e9v\u00e9nements dans l&rsquo;agenda !<\/a><\/p>\n<p>&nbsp;<\/p>\n<p>&nbsp;<\/p>\n","protected":false},"excerpt":{"rendered":"<div class=\"mh-excerpt\">Vendredi 4, samedi 5 et dimanche 6 novembre 2022, salle des f\u00eates.<\/div>\n","protected":false},"author":4,"featured_media":0,"comment_status":"open","ping_status":"open","sticky":false,"template":"","format":"standard","meta":{"om_disable_all_campaigns":false,"advanced_seo_description":"","jetpack_seo_html_title":"","jetpack_seo_noindex":false,"_jetpack_memberships_contains_paid_content":false,"footnotes":"","_links_to":"","_links_to_target":""},"categories":[29,54,4916],"tags":[2552,677,1264,2638,2953],"class_list":{"0":"post-52709","1":"post","2":"type-post","3":"status-publish","4":"format-standard","6":"category-genebrieres","7":"category-loisirs","8":"category-n-200-novembre-2022","9":"tag-genebrieres","10":"tag-festival","11":"tag-programme","12":"tag-les-treteaux-de-la-tauge","13":"tag-repas-partage"},"jetpack_featured_media_url":"","views":{"total":1,"cached_at":"","cached_date":1738387555},"jetpack_likes_enabled":true,"jetpack_sharing_enabled":true,"jetpack_shortlink":"https:\/\/wp.me\/pg7Wxj-dI9","jetpack-related-posts":[],"_links":{"self":[{"href":"https:\/\/www.o-p-i.fr\/parlonsen\/wp-json\/wp\/v2\/posts\/52709","targetHints":{"allow":["GET"]}}],"collection":[{"href":"https:\/\/www.o-p-i.fr\/parlonsen\/wp-json\/wp\/v2\/posts"}],"about":[{"href":"https:\/\/www.o-p-i.fr\/parlonsen\/wp-json\/wp\/v2\/types\/post"}],"author":[{"embeddable":true,"href":"https:\/\/www.o-p-i.fr\/parlonsen\/wp-json\/wp\/v2\/users\/4"}],"replies":[{"embeddable":true,"href":"https:\/\/www.o-p-i.fr\/parlonsen\/wp-json\/wp\/v2\/comments?post=52709"}],"version-history":[{"count":0,"href":"https:\/\/www.o-p-i.fr\/parlonsen\/wp-json\/wp\/v2\/posts\/52709\/revisions"}],"wp:attachment":[{"href":"https:\/\/www.o-p-i.fr\/parlonsen\/wp-json\/wp\/v2\/media?parent=52709"}],"wp:term":[{"taxonomy":"category","embeddable":true,"href":"https:\/\/www.o-p-i.fr\/parlonsen\/wp-json\/wp\/v2\/categories?post=52709"},{"taxonomy":"post_tag","embeddable":true,"href":"https:\/\/www.o-p-i.fr\/parlonsen\/wp-json\/wp\/v2\/tags?post=52709"}],"curies":[{"name":"wp","href":"https:\/\/api.w.org\/{rel}","templated":true}]}}