{"id":52962,"date":"2022-12-01T09:10:30","date_gmt":"2022-12-01T08:10:30","guid":{"rendered":"https:\/\/www.o-p-i.fr\/parlonsen\/?p=52962"},"modified":"2022-12-01T09:45:59","modified_gmt":"2022-12-01T08:45:59","slug":"un-chantier-dinsertion-reunion-dinformation-a-saint-martin-laguepie-81","status":"publish","type":"post","link":"https:\/\/www.o-p-i.fr\/parlonsen\/parlons-en\/pratique\/un-chantier-dinsertion-reunion-dinformation-a-saint-martin-laguepie-81\/","title":{"rendered":"\u00ab\u00a0Un chantier d&rsquo;insertion\u00a0\u00bb, r\u00e9union d&rsquo;information \u00e0 Saint Martin Lagu\u00e9pie (81)"},"content":{"rendered":"<p><strong>Jeudi 8 d\u00e9cembre 2022<\/strong>, \u00e0 15h. au Foyer du S\u00e9gala.<!--more--><\/p>\n<p><a href=\"https:\/\/www.net1901.org\/association\/CIVAM-CORDAIS-CENTRE-DINITIATIVE-POUR-VALORISER-LAGRICULTURE-ET-LE-MILIEU-RURAL,1000085078.html\" target=\"_blank\" rel=\"noopener\"><img data-recalc-dims=\"1\" loading=\"lazy\" decoding=\"async\" class=\"alignright size-full wp-image-52963\" src=\"https:\/\/i0.wp.com\/www.o-p-i.fr\/parlonsen\/wp-content\/uploads\/civam.jpg?resize=425%2C496&#038;ssl=1\" alt=\"\" width=\"425\" height=\"496\" srcset=\"https:\/\/i0.wp.com\/www.o-p-i.fr\/parlonsen\/wp-content\/uploads\/civam.jpg?w=425&amp;ssl=1 425w, https:\/\/i0.wp.com\/www.o-p-i.fr\/parlonsen\/wp-content\/uploads\/civam.jpg?resize=257%2C300&amp;ssl=1 257w, https:\/\/i0.wp.com\/www.o-p-i.fr\/parlonsen\/wp-content\/uploads\/civam.jpg?resize=400%2C467&amp;ssl=1 400w, https:\/\/i0.wp.com\/www.o-p-i.fr\/parlonsen\/wp-content\/uploads\/civam.jpg?resize=150%2C175&amp;ssl=1 150w, https:\/\/i0.wp.com\/www.o-p-i.fr\/parlonsen\/wp-content\/uploads\/civam.jpg?resize=100%2C117&amp;ssl=1 100w\" sizes=\"auto, (max-width: 425px) 100vw, 425px\" \/><\/a><\/p>\n<p>Port\u00e9 par le <a href=\"https:\/\/www.net1901.org\/association\/CIVAM-CORDAIS-CENTRE-DINITIATIVE-POUR-VALORISER-LAGRICULTURE-ET-LE-MILIEU-RURAL,1000085078.html\" target=\"_blank\" rel=\"noopener\">CIVAM Cordais<\/a> . Un chantier d\u2019insertion au<\/p>\n<p>Foyer du S\u00e9gala<\/p>\n<p>164 route du S\u00e9gur 81170 St.Martin Lagu\u00e9pie 06 49 28 24 84 ou 06 88 74 66 10<\/p>\n<p>Accompagn\u00e9 par l\u2019<a href=\"http:\/\/ADEFPAT\" target=\"_blank\" rel=\"noopener\"><strong>ADEFPAT<\/strong><\/a> depuis un an, l\u2019\u00e9quipe projet a valid\u00e9 un Chantier d\u2019Insertion centr\u00e9 sur l&rsquo;alimentation (transformation, formation cuisine, etc\u2026) avec une mont\u00e9e en puissance sur 2 ou 3 ann\u00e9es, en coop\u00e9ration avec d&rsquo;autres acteurs du territoire.<\/p>\n<p>L&rsquo;ann\u00e9e 2023 serait une phase de prototypage.<\/p>\n<p>Vers un projet exp\u00e9rimental et novateur ?<\/p>\n<ul>\n<li>\u00c0 cheval sur 3 d\u00e9partements: le Foyer du S\u00e9gala est dans le Tarn mais \u00e0 3 kms du Tarn et Garonne et 7 kms de l\u2019Aveyron.<\/li>\n<li>Lutter contre le Gaspillage alimentaire: transformer les invendus ou invendables des producteurs locaux.<\/li>\n<li>Pour une alimentation saine , \u00e9quilibr\u00e9e, de proximit\u00e9, pour tous : favoriser les circuits courts:<\/li>\n<li>Ouvrir des perspectives d\u2019insertion professionnelle sur notre territoire, y inclus des alternances (chantier, formation, stages)<\/li>\n<li>Favoriser les partenariats locaux et les synergies des divers acteurs.<\/li>\n<\/ul>\n<p>Un petit casse croute en fin de r\u00e9union, merci de vous inscrire pour une meilleure organisation (06 49 28 24 84)<\/p>\n<p><a href=\"http:\/\/ADEFPAT\" target=\"_blank\" rel=\"noopener\"><img data-recalc-dims=\"1\" loading=\"lazy\" decoding=\"async\" class=\"alignleft size-full wp-image-52964\" src=\"https:\/\/i0.wp.com\/www.o-p-i.fr\/parlonsen\/wp-content\/uploads\/Adefpat.jpg?resize=227%2C112&#038;ssl=1\" alt=\"\" width=\"227\" height=\"112\" srcset=\"https:\/\/i0.wp.com\/www.o-p-i.fr\/parlonsen\/wp-content\/uploads\/Adefpat.jpg?w=227&amp;ssl=1 227w, https:\/\/i0.wp.com\/www.o-p-i.fr\/parlonsen\/wp-content\/uploads\/Adefpat.jpg?resize=150%2C74&amp;ssl=1 150w, https:\/\/i0.wp.com\/www.o-p-i.fr\/parlonsen\/wp-content\/uploads\/Adefpat.jpg?resize=100%2C49&amp;ssl=1 100w\" sizes=\"auto, (max-width: 227px) 100vw, 227px\" \/><\/a><\/p>\n<p>&nbsp;<\/p>\n<p>&nbsp;<\/p>\n<p>&nbsp;<\/p>\n<p><em>Information communiqu\u00e9e par Christian DULIEU et Eric CAYSSIALS<\/em><\/p>\n<p><a href=\"http:\/\/www.o-p-i.fr\/parlonsen\/agenda\/\">Retrouvez tous les \u00e9v\u00e9nements dans l&rsquo;agenda !<\/a><\/p>\n","protected":false},"excerpt":{"rendered":"<div class=\"mh-excerpt\">Jeudi 8 d\u00e9cembre 2022, \u00e0 15h. au Foyer du S\u00e9gala.<\/div>\n","protected":false},"author":4,"featured_media":0,"comment_status":"open","ping_status":"open","sticky":false,"template":"","format":"standard","meta":{"om_disable_all_campaigns":false,"advanced_seo_description":"","jetpack_seo_html_title":"","jetpack_seo_noindex":false,"_jetpack_memberships_contains_paid_content":false,"footnotes":"","_links_to":"","_links_to_target":""},"categories":[42,55,6,4945],"tags":[1413,1489,2744,5074,5075,5076],"class_list":{"0":"post-52962","1":"post","2":"type-post","3":"status-publish","4":"format-standard","6":"category-a-cote-de-chez-nous","7":"category-environnement","8":"category-pratique","9":"category-n-201-decembre-2022","10":"tag-saint-martin-laguepie","11":"tag-gaspillage-alimentaire","12":"tag-producteurs-locaux","13":"tag-civam","14":"tag-chantier-dinsertion","15":"tag-alimentation-equilibree"},"jetpack_featured_media_url":"","views":{"total":0,"cached_at":"","cached_date":1738281318},"jetpack_likes_enabled":true,"jetpack_sharing_enabled":true,"jetpack_shortlink":"https:\/\/wp.me\/pg7Wxj-dMe","jetpack-related-posts":[],"_links":{"self":[{"href":"https:\/\/www.o-p-i.fr\/parlonsen\/wp-json\/wp\/v2\/posts\/52962","targetHints":{"allow":["GET"]}}],"collection":[{"href":"https:\/\/www.o-p-i.fr\/parlonsen\/wp-json\/wp\/v2\/posts"}],"about":[{"href":"https:\/\/www.o-p-i.fr\/parlonsen\/wp-json\/wp\/v2\/types\/post"}],"author":[{"embeddable":true,"href":"https:\/\/www.o-p-i.fr\/parlonsen\/wp-json\/wp\/v2\/users\/4"}],"replies":[{"embeddable":true,"href":"https:\/\/www.o-p-i.fr\/parlonsen\/wp-json\/wp\/v2\/comments?post=52962"}],"version-history":[{"count":0,"href":"https:\/\/www.o-p-i.fr\/parlonsen\/wp-json\/wp\/v2\/posts\/52962\/revisions"}],"wp:attachment":[{"href":"https:\/\/www.o-p-i.fr\/parlonsen\/wp-json\/wp\/v2\/media?parent=52962"}],"wp:term":[{"taxonomy":"category","embeddable":true,"href":"https:\/\/www.o-p-i.fr\/parlonsen\/wp-json\/wp\/v2\/categories?post=52962"},{"taxonomy":"post_tag","embeddable":true,"href":"https:\/\/www.o-p-i.fr\/parlonsen\/wp-json\/wp\/v2\/tags?post=52962"}],"curies":[{"name":"wp","href":"https:\/\/api.w.org\/{rel}","templated":true}]}}