{"id":53179,"date":"2022-12-22T23:22:06","date_gmt":"2022-12-22T22:22:06","guid":{"rendered":"https:\/\/www.o-p-i.fr\/parlonsen\/?p=53179"},"modified":"2022-12-26T10:40:17","modified_gmt":"2022-12-26T09:40:17","slug":"randonnees-de-la-belle-montee-au-pays-des-tescous","status":"publish","type":"post","link":"https:\/\/www.o-p-i.fr\/parlonsen\/localisation\/au-pays-des-tescous\/salvetat\/randonnees-de-la-belle-montee-au-pays-des-tescous\/","title":{"rendered":"Randonn\u00e9es de \u00ab\u00a0La Belle Mont\u00e9e\u00a0\u00bb au Pays des Tescou&rsquo;s"},"content":{"rendered":"<p>Programme des mois de <strong>janvier et f\u00e9vrier 2023<\/strong>: <!--more--><\/p>\n<p>Les randonn\u00e9es p\u00e9destres reprendront le jeudi 05 janvier 2023<br \/>\nNous partagerons tous ensemble, randonneurs et cyclistes, le samedi 7 janvier 2023 \u00e0 la fin de la randonn\u00e9e, vers 17h00, la coque des rois et trinquerons ensemble. De ce fait, le d\u00e9part de la rando se fera du parking de la salle des associations et sera exceptionnellement retard\u00e9 \u00e0 14h30.<\/p>\n<p>Pour une bonne organisation des randonn\u00e9es, nous vous remercions de vous inscrire au plus tard la veille de la randonn\u00e9e par t\u00e9l\u00e9phone ou SMS :<\/p>\n<p><strong>Pour les randos longues du jeudi et celles du week-end :<\/strong><\/p>\n<ul>\n<li>Serge Lafon : 06.33.83.02.01,<\/li>\n<li>Nicole Ducos : 07.69.26.50.48,<\/li>\n<li>Jeannette Castella : 06 32 92 46 39.<\/li>\n<\/ul>\n<p><strong>Pour les randos courtes du jeudi<\/strong> :<\/p>\n<ul>\n<li>Genevi\u00e8ve Dourel : 06.28.35.48.78.<\/li>\n<\/ul>\n<p><strong>Lieu de d\u00e9part des randonn\u00e9es et Horaires<\/strong><\/p>\n<ul>\n<li>Point de RDV : Maison des Associations (pr\u00e8s de l&rsquo;\u00e9glise) \u00e0 La Salvetat-Belmontet<\/li>\n<li>Tarif du covoiturage : 3 euros. Le covoiturage est possible, mais pas obligatoire.<\/li>\n<li>Heure de d\u00e9part pour les randonn\u00e9es du week-end: Rdv 13h15 pour d\u00e9part 13h30<\/li>\n<\/ul>\n<p><strong>Horaires :<\/strong><\/p>\n<p>Randos longues du jeudi et celles du week-end : Rdv 13h15 pour d\u00e9part 13h30<\/p>\n<p>Randos courtes : Rdv 13h45 pour d\u00e9part 14h<\/p>\n<p>Programme du jeudi : Version longue (d\u00e9part 13h30)<\/p>\n<p>05\/01 : Va\u00efssac &#8211; PR3 circuit du Cabertat &#8211; 8 kms &#8211; 2h00 &#8211; facile<\/p>\n<p>12\/01 : Montauban &#8211; la boucle du fau &#8211; variante PR6 &#8211; 10 kms &#8211; 2h30 &#8211; facile<\/p>\n<p>19\/01 : Lamothe &#8211; PR2 de Saturnin \u00e0 Notre Dame &#8211; 10,5 kms &#8211; 2h30 &#8211; facile<\/p>\n<p>26\/01 : Beauvais sur Tescou &#8211; Le Born &#8211; 10 kms &#8211; 3h &#8211; moyen (d\u00e9nivel\u00e9)<\/p>\n<p>02\/02 : Rando courte et longue &#8211; St Antonin &#8211; PR26 Clergue Girbelle &#8211; 7,5 kms &#8211; facile<\/p>\n<p>09\/02 : Bruniquel &#8211; Larroque-St Martin- Merlins &#8211; 7 kms &#8211; 2h30 &#8211; moyen (d\u00e9nivel\u00e9)<\/p>\n<p>16\/02 : Rabastens &#8211; le Sentier du Lac des Auzerals &#8211; 14 kms &#8211; 3h30 &#8211; moyen (longueur)<\/p>\n<p>23\/02 : Cahuzac sur v\u00e8re &#8211; chemin de la V\u00e8re \u00e0 Saint Hussou &#8211; 13 kms &#8211; 3h30 &#8211; moyen (longueur)<\/p>\n<p>Programme du jeudi : Version courte (d\u00e9part 14h)<\/p>\n<p>05\/01 : La Salvetat &#8211; Jacobiel &#8211; 7 kms &#8211; 2h00 &#8211; moyen &#8211; longueur<\/p>\n<p>12\/01 : Grisolles &#8211; PR1 les coteaux de la Garonne &#8211; 6,5 kms &#8211; 2h00 &#8211; facile<\/p>\n<p>19\/01 : Lamothe-Capdeville &#8211; les coteaux d&rsquo;Ardus &#8211; 5 kms &#8211; 1h15 moyen (un peu de d\u00e9nivel\u00e9)<\/p>\n<p>26\/01 : L&rsquo;Honor de Cos &#8211; circuit de Padi\u00e9 &#8211; 7 kms &#8211; 2h00 &#8211; moyen<\/p>\n<p>02\/02 : rando avec la rando longue &#8211; D\u00e9part 13h30 &#8211; St Antonin &#8211; PR26 Clergue Girbelle &#8211; 7,5 kms &#8211; facile<\/p>\n<p>09\/02 : Saint Rustice &#8211; Regards crois\u00e9s sur le canal &#8211; 7,5 kms &#8211; 2h30 &#8211; facile<\/p>\n<p>16\/02 : Loub\u00e9jac &#8211; de Loub\u00e9jac \u00e0 Lamothe-Capdeville &#8211; 5,3 kms &#8211; 1h30 &#8211; facile<\/p>\n<p>23\/02 : Lavaurette &#8211; PR1 la Loge &#8211; 7 kms &#8211; 2h00 &#8211; facile<\/p>\n<p>Programme Week-End : Alternativement Samedi \/ Dimanche<\/p>\n<p>S 07\/01 : D\u00e9part 14h30 car la randonn\u00e9e sera suivie par un go\u00fbter autour de la Coque des rois \u00e0 17h00 \u00e0 la maison des associations : La Salvetat &#8211; Jacobiel &#8211; 7 kms &#8211; 2h00 &#8211; facile &#8211;<\/p>\n<p>D 15\/01 : N\u00e9grepelisse &#8211; PR2 circuit des 7 ponts &#8211; 10,9 kms &#8211; 2h45 &#8211; facile<\/p>\n<p>S 21\/01 : Grisolles &#8211; De bois en canal &#8211; 11 kms &#8211; 3h00 &#8211; moyen (si boue)<\/p>\n<p>D 29\/01 : St Georges &#8211; les Gr\u00e8zes grandes &#8211; 7 kms &#8211; 2h00 &#8211; facile<\/p>\n<p>S 04\/02 : Cestayrols &#8211; Sentier des coteaux &#8211; 9,5 kms &#8211; 3h00 &#8211; moyen (d\u00e9nivel\u00e9)<\/p>\n<p>D 12\/02 : Puycelsi &#8211; le sentier du patrimoine &#8211; version courte &#8211; 8 kms &#8211; 3h00 &#8211; moyen (d\u00e9nivel\u00e9)<\/p>\n<p>S 18\/02 : Moli\u00e8res &#8211; PR1 le Malivert &#8211; 12 kms &#8211; 3h00 &#8211; moyen (longueur)<\/p>\n<p>D 26\/02 : Puylaroque &#8211; PR1 Vall\u00e9e de la L\u00e8re &#8211; 7,5 kms &#8211; 2h15 &#8211; facile<\/p>\n<p><strong>Rappel<\/strong> : Les informations concernant Distance\/Dur\u00e9e\/Difficult\u00e9 sont donn\u00e9es \u00e0 titre indicatif. La dur\u00e9e ne comprend pas les temps de pause, de repas ou de pique-nique et peut varier en fonction du niveau des randonneurs pr\u00e9sents.<\/p>\n<p>En cas de probl\u00e8me d&rsquo;encadrement, de m\u00e9t\u00e9o, ou tout autre impr\u00e9vu, les organisateurs pourront \u00eatre amen\u00e9s \u00e0 changer le parcours initialement pr\u00e9vu, c&rsquo;est pourquoi nous vous conseillons de toujours venir au point de rendez-vous \u00e0 la salle des associations, parking de l&rsquo;\u00e9glise de La Salvetat.<\/p>\n<p><strong>Consignes sanitaires<\/strong> : RAS pour le moment<\/p>\n<p>Si sympt\u00f4mes du Covid-19 : restez chez soi et pr\u00e9venir l&rsquo;animateur si des signes apparaissent dans la semaine suivant la randonn\u00e9e<\/p>\n<p>En cas d&rsquo;\u00e9volution du Covid19, nous vous tiendrons inform\u00e9s des dispositions particuli\u00e8res susceptibles d&rsquo;\u00eatre mises en place.<\/p>\n<h3>POUR LES CYCLISTES SUR ROUTE :<\/h3>\n<p>Le dimanche matin rendez-vous \u00e0 la salle des associations de La Salvetat \u00e0 8h00 (8h30 lorsque le jour n&rsquo;est pas encore lev\u00e9). Il est conseill\u00e9 de prendre contact avec les organisateurs ci-dessous.<\/p>\n<p>Les parcours seront \u00e9tablis en fonction des participants et de la m\u00e9t\u00e9o (g\u00e9n\u00e9ralement de 60 \u00e0 100 km). En cas de participation \u00e0 des sorties organis\u00e9es par d&rsquo;autres clubs le lieu de rendez-vous et d\u00e9part pourra changer. En cas de mauvais temps, le jour ou l&rsquo;heure de d\u00e9part pourront \u00e9galement changer.<\/p>\n<p>Le mercredi apr\u00e8s-midi au d\u00e9part de Verlhac (durant les heures d&rsquo;\u00e9t\u00e9).<\/p>\n<p>Contacts : E. VIES 06-08-88-63-37 \/ J.M. SANGLA 07.85.62.46.40.<\/p>\n<p><em>Information communiqu\u00e9e par Jean-Marc SANGLA<\/em><\/p>\n","protected":false},"excerpt":{"rendered":"<div class=\"mh-excerpt\">Programme des mois de janvier et f\u00e9vrier 2023:<\/div>\n","protected":false},"author":4,"featured_media":0,"comment_status":"open","ping_status":"open","sticky":false,"template":"","format":"standard","meta":{"om_disable_all_campaigns":false,"advanced_seo_description":"","jetpack_seo_html_title":"","jetpack_seo_noindex":false,"_jetpack_memberships_contains_paid_content":false,"footnotes":"","_links_to":"","_links_to_target":""},"categories":[34,54,53,5102,5103],"tags":[181,762,2697,2792],"class_list":{"0":"post-53179","1":"post","2":"type-post","3":"status-publish","4":"format-standard","6":"category-salvetat","7":"category-loisirs","8":"category-sports","9":"category-n-202-janvier-2023","10":"category-n-203-fevrier-2023","11":"tag-la-salvetat-belmontet","12":"tag-randonnee-pedestre","13":"tag-randonnee-cycliste","14":"tag-la-belle-montee"},"jetpack_featured_media_url":"","views":{"total":0,"cached_at":"","cached_date":1738283110},"jetpack_likes_enabled":true,"jetpack_sharing_enabled":true,"jetpack_shortlink":"https:\/\/wp.me\/pg7Wxj-dPJ","jetpack-related-posts":[],"_links":{"self":[{"href":"https:\/\/www.o-p-i.fr\/parlonsen\/wp-json\/wp\/v2\/posts\/53179","targetHints":{"allow":["GET"]}}],"collection":[{"href":"https:\/\/www.o-p-i.fr\/parlonsen\/wp-json\/wp\/v2\/posts"}],"about":[{"href":"https:\/\/www.o-p-i.fr\/parlonsen\/wp-json\/wp\/v2\/types\/post"}],"author":[{"embeddable":true,"href":"https:\/\/www.o-p-i.fr\/parlonsen\/wp-json\/wp\/v2\/users\/4"}],"replies":[{"embeddable":true,"href":"https:\/\/www.o-p-i.fr\/parlonsen\/wp-json\/wp\/v2\/comments?post=53179"}],"version-history":[{"count":0,"href":"https:\/\/www.o-p-i.fr\/parlonsen\/wp-json\/wp\/v2\/posts\/53179\/revisions"}],"wp:attachment":[{"href":"https:\/\/www.o-p-i.fr\/parlonsen\/wp-json\/wp\/v2\/media?parent=53179"}],"wp:term":[{"taxonomy":"category","embeddable":true,"href":"https:\/\/www.o-p-i.fr\/parlonsen\/wp-json\/wp\/v2\/categories?post=53179"},{"taxonomy":"post_tag","embeddable":true,"href":"https:\/\/www.o-p-i.fr\/parlonsen\/wp-json\/wp\/v2\/tags?post=53179"}],"curies":[{"name":"wp","href":"https:\/\/api.w.org\/{rel}","templated":true}]}}