{"id":53204,"date":"2022-12-26T14:26:52","date_gmt":"2022-12-26T13:26:52","guid":{"rendered":"https:\/\/www.o-p-i.fr\/parlonsen\/?p=53204"},"modified":"2022-12-26T14:26:52","modified_gmt":"2022-12-26T13:26:52","slug":"bal-occitan-a-saint-caprais-la-salvetat-belmontet-82","status":"publish","type":"post","link":"https:\/\/www.o-p-i.fr\/parlonsen\/localisation\/au-pays-des-tescous\/salvetat\/bal-occitan-a-saint-caprais-la-salvetat-belmontet-82\/","title":{"rendered":"Bal occitan..\u00e0 Saint Caprais La Salvetat Belmontet (82)"},"content":{"rendered":"<p><strong>Dimance 8 janvier 2023<\/strong>, \u00e0 15h. \u00e0 la salle des f\u00eates.<!--more--><\/p>\n<p><img data-recalc-dims=\"1\" loading=\"lazy\" decoding=\"async\" class=\"alignright size-full wp-image-53206\" src=\"https:\/\/i0.wp.com\/www.o-p-i.fr\/parlonsen\/wp-content\/uploads\/avenir.jpg?resize=113%2C88&#038;ssl=1\" alt=\"\" width=\"113\" height=\"88\" srcset=\"https:\/\/i0.wp.com\/www.o-p-i.fr\/parlonsen\/wp-content\/uploads\/avenir.jpg?w=113&amp;ssl=1 113w, https:\/\/i0.wp.com\/www.o-p-i.fr\/parlonsen\/wp-content\/uploads\/avenir.jpg?resize=100%2C78&amp;ssl=1 100w\" sizes=\"auto, (max-width: 113px) 100vw, 113px\" \/>Organis\u00e9 au profit de l&rsquo;association l&rsquo;Avenir Enfant des Rizi\u00e8res. C est une asso bas\u00e9e sur Toulouse qui aide des familles d\u00e9favoris\u00e9es dans des villages du Nord ouest du Cambodge pr\u00e8s de la fronti\u00e8re Thailandaise et plus particuli\u00e8rement les enfants en mati\u00e8re de sant\u00e9 et d education.<\/p>\n<p>Pour plus d info;<strong><a href=\"http:\/\/www.avenir-enfant-rizieres.fr\" target=\"_blank\" rel=\"noopener\"> www.avenir-enfant-rizieres.fr<\/a><\/strong><\/p>\n<p>&nbsp;<\/p>\n<p><img data-recalc-dims=\"1\" loading=\"lazy\" decoding=\"async\" class=\"aligncenter size-full wp-image-53205\" src=\"https:\/\/i0.wp.com\/www.o-p-i.fr\/parlonsen\/wp-content\/uploads\/enfants-riz.jpg?resize=624%2C894&#038;ssl=1\" alt=\"\" width=\"624\" height=\"894\" srcset=\"https:\/\/i0.wp.com\/www.o-p-i.fr\/parlonsen\/wp-content\/uploads\/enfants-riz.jpg?w=624&amp;ssl=1 624w, https:\/\/i0.wp.com\/www.o-p-i.fr\/parlonsen\/wp-content\/uploads\/enfants-riz.jpg?resize=209%2C300&amp;ssl=1 209w, https:\/\/i0.wp.com\/www.o-p-i.fr\/parlonsen\/wp-content\/uploads\/enfants-riz.jpg?resize=400%2C573&amp;ssl=1 400w, https:\/\/i0.wp.com\/www.o-p-i.fr\/parlonsen\/wp-content\/uploads\/enfants-riz.jpg?resize=430%2C616&amp;ssl=1 430w, https:\/\/i0.wp.com\/www.o-p-i.fr\/parlonsen\/wp-content\/uploads\/enfants-riz.jpg?resize=150%2C215&amp;ssl=1 150w, https:\/\/i0.wp.com\/www.o-p-i.fr\/parlonsen\/wp-content\/uploads\/enfants-riz.jpg?resize=100%2C143&amp;ssl=1 100w\" sizes=\"auto, (max-width: 624px) 100vw, 624px\" \/><\/p>\n<p><em>Information communiqu\u00e9e par Anne GARDES<\/em><\/p>\n<p><a href=\"http:\/\/www.o-p-i.fr\/parlonsen\/agenda\/\">Retrouvez tous les \u00e9v\u00e9nements dans l&rsquo;agenda !<\/a><\/p>\n","protected":false},"excerpt":{"rendered":"<div class=\"mh-excerpt\">Dimance 8 janvier 2023, \u00e0 15h. \u00e0 la salle des f\u00eates.<\/div>\n","protected":false},"author":4,"featured_media":0,"comment_status":"open","ping_status":"open","sticky":false,"template":"","format":"standard","meta":{"om_disable_all_campaigns":false,"advanced_seo_description":"","jetpack_seo_html_title":"","jetpack_seo_noindex":false,"_jetpack_memberships_contains_paid_content":false,"footnotes":"","_links_to":"","_links_to_target":""},"categories":[34,54,291,5102],"tags":[181,2015,3453,3527,3872],"class_list":{"0":"post-53204","1":"post","2":"type-post","3":"status-publish","4":"format-standard","6":"category-salvetat","7":"category-loisirs","8":"category-solidarite","9":"category-n-202-janvier-2023","10":"tag-la-salvetat-belmontet","11":"tag-bal-occitan","12":"tag-avenir-pour-lenfant-des-rizieres","13":"tag-saint-caprais-2","14":"tag-sem-daici"},"jetpack_featured_media_url":"","views":{"total":3,"cached_at":"","cached_date":1738296438},"jetpack_likes_enabled":true,"jetpack_sharing_enabled":true,"jetpack_shortlink":"https:\/\/wp.me\/pg7Wxj-dQ8","jetpack-related-posts":[],"_links":{"self":[{"href":"https:\/\/www.o-p-i.fr\/parlonsen\/wp-json\/wp\/v2\/posts\/53204","targetHints":{"allow":["GET"]}}],"collection":[{"href":"https:\/\/www.o-p-i.fr\/parlonsen\/wp-json\/wp\/v2\/posts"}],"about":[{"href":"https:\/\/www.o-p-i.fr\/parlonsen\/wp-json\/wp\/v2\/types\/post"}],"author":[{"embeddable":true,"href":"https:\/\/www.o-p-i.fr\/parlonsen\/wp-json\/wp\/v2\/users\/4"}],"replies":[{"embeddable":true,"href":"https:\/\/www.o-p-i.fr\/parlonsen\/wp-json\/wp\/v2\/comments?post=53204"}],"version-history":[{"count":0,"href":"https:\/\/www.o-p-i.fr\/parlonsen\/wp-json\/wp\/v2\/posts\/53204\/revisions"}],"wp:attachment":[{"href":"https:\/\/www.o-p-i.fr\/parlonsen\/wp-json\/wp\/v2\/media?parent=53204"}],"wp:term":[{"taxonomy":"category","embeddable":true,"href":"https:\/\/www.o-p-i.fr\/parlonsen\/wp-json\/wp\/v2\/categories?post=53204"},{"taxonomy":"post_tag","embeddable":true,"href":"https:\/\/www.o-p-i.fr\/parlonsen\/wp-json\/wp\/v2\/tags?post=53204"}],"curies":[{"name":"wp","href":"https:\/\/api.w.org\/{rel}","templated":true}]}}