{"id":53280,"date":"2023-01-09T11:53:49","date_gmt":"2023-01-09T10:53:49","guid":{"rendered":"https:\/\/www.o-p-i.fr\/parlonsen\/?p=53280"},"modified":"2023-01-09T11:53:49","modified_gmt":"2023-01-09T10:53:49","slug":"tant-bien-que-mal-theatre-les-cabannes-cordes-sur-ciel-81","status":"publish","type":"post","link":"https:\/\/www.o-p-i.fr\/parlonsen\/parlons-en\/culture\/tant-bien-que-mal-theatre-les-cabannes-cordes-sur-ciel-81\/","title":{"rendered":"\u00ab\u00a0Tant bien que mal\u00a0\u00bb, th\u00e9\u00e2tre &#8230;Les Cabannes &#8211; Cordes sur Ciel (81)"},"content":{"rendered":"<p><strong>Samedi 4 f\u00e9vrier 2023<\/strong>,\u00a0 \u00e0 20h30 au Colombier. <!--more--><\/p>\n<p><img data-recalc-dims=\"1\" loading=\"lazy\" decoding=\"async\" class=\"alignright size-full wp-image-53281\" src=\"https:\/\/i0.wp.com\/www.o-p-i.fr\/parlonsen\/wp-content\/uploads\/mmm.jpg?resize=425%2C486&#038;ssl=1\" alt=\"\" width=\"425\" height=\"486\" srcset=\"https:\/\/i0.wp.com\/www.o-p-i.fr\/parlonsen\/wp-content\/uploads\/mmm.jpg?w=425&amp;ssl=1 425w, https:\/\/i0.wp.com\/www.o-p-i.fr\/parlonsen\/wp-content\/uploads\/mmm.jpg?resize=262%2C300&amp;ssl=1 262w, https:\/\/i0.wp.com\/www.o-p-i.fr\/parlonsen\/wp-content\/uploads\/mmm.jpg?resize=400%2C457&amp;ssl=1 400w, https:\/\/i0.wp.com\/www.o-p-i.fr\/parlonsen\/wp-content\/uploads\/mmm.jpg?resize=150%2C172&amp;ssl=1 150w, https:\/\/i0.wp.com\/www.o-p-i.fr\/parlonsen\/wp-content\/uploads\/mmm.jpg?resize=100%2C114&amp;ssl=1 100w\" sizes=\"auto, (max-width: 425px) 100vw, 425px\" \/>TANT BIEN QUE MAL\u00a0 \u00a0Compagnie Mmm<br \/>\n\u00ad<\/p>\n<p>\u00adPoursuivant notre collaboration avec la Sc\u00e8ne Nationale d&rsquo;Albi et l&rsquo;Et\u00e9 de Vaour dans le dispositif itin\u00e9rant de \u00ab Au fil du Tarn \u00bb, nous accueillons cette saison la Compagnie Mmm et la com\u00e9dienne Marie-Magdeleine qui, apr\u00e8s \u00ab\u00a0la famille vient en mangeant\u00a0\u00bb poursuit sa d\u00e9cortication des relations familiales. Endossant le r\u00f4le des nombreux membres d&rsquo;une fratrie, Marie-Magdeleine excelle \u00e0 rendre palpables les liens d\u00e9licats et complexes qui nous soudent \u00e0 nos proches.<br \/>\nAccompagn\u00e9e pour la premi\u00e8re fois d&rsquo;un musicien sur sc\u00e8ne, la com\u00e9dienne m\u00ealera toutes les voix disparues ou vivantes, les joies, les silences, les peines, les vacarmes &#8230;<br \/>\nC&rsquo;est joyeux et triste, l\u00e9ger et profond, tendre aussi pour ce singulier territoire qu&rsquo;est une famille!<\/p>\n<ul>\n<li>De et avec Marie-Magdeleine<\/li>\n<li>Accompagnement musical : Nicolas Girardi<\/li>\n<li>Lumi\u00e8res et r\u00e9gie : Joseph Sommier<\/li>\n<\/ul>\n<p>Tout public \u00e0 partir de 10 ans<br \/>\nDur\u00e9e : 1 h 30<\/p>\n<p>Tarifs : 10\u20ac \/ 7\u20ac<\/p>\n<p><a href=\"http:\/\/www.theatrelecolombier\/\" target=\"_blank\" rel=\"noopener\"><img data-recalc-dims=\"1\" loading=\"lazy\" decoding=\"async\" class=\"alignleft size-full wp-image-40733\" src=\"https:\/\/i0.wp.com\/www.o-p-i.fr\/parlonsen\/wp-content\/uploads\/colombier-2.jpg?resize=283%2C78&#038;ssl=1\" alt=\"\" width=\"283\" height=\"78\" srcset=\"https:\/\/i0.wp.com\/www.o-p-i.fr\/parlonsen\/wp-content\/uploads\/colombier-2.jpg?w=283&amp;ssl=1 283w, https:\/\/i0.wp.com\/www.o-p-i.fr\/parlonsen\/wp-content\/uploads\/colombier-2.jpg?resize=150%2C41&amp;ssl=1 150w\" sizes=\"auto, (max-width: 283px) 100vw, 283px\" \/><\/a><\/p>\n<p><a href=\"http:\/\/www.theatrelecolombier\" target=\"_blank\" rel=\"noopener\">Th\u00e9\u00e2tre Le Colombier<\/a><br \/>\n8 rue des Tanneries<br \/>\n81170 Les Cabannes &#8211; Cordes sur Ciel<\/p>\n<p>&nbsp;<\/p>\n<p><em>Information comuniqu\u00e9e par \u00ab\u00a0Le Colombier\u00a0\u00bb<\/em><\/p>\n<p><a href=\"&lt;a href=&quot;http:\/\/www.o-p-i.fr\/parlonsen\/agenda\/&quot;&gt;&lt;strong&gt;Retrouvez tous les \u00e9v\u00e9nements dans l'agenda !&lt;\/strong&gt;&lt;\/a&gt;\">Retrouvez tous les \u00e9v\u00e9nements dans l&rsquo;agenda !<\/a><\/p>\n<p>&nbsp;<\/p>\n","protected":false},"excerpt":{"rendered":"<div class=\"mh-excerpt\">Samedi 4 f\u00e9vrier 2023,\u00a0 \u00e0 20h30 au Colombier.<\/div>\n","protected":false},"author":4,"featured_media":0,"comment_status":"open","ping_status":"open","sticky":false,"template":"","format":"standard","meta":{"om_disable_all_campaigns":false,"advanced_seo_description":"","jetpack_seo_html_title":"","jetpack_seo_noindex":false,"_jetpack_memberships_contains_paid_content":false,"footnotes":"","_links_to":"","_links_to_target":""},"categories":[42,1,54,5103],"tags":[57,232,754,1566,2097],"class_list":{"0":"post-53280","1":"post","2":"type-post","3":"status-publish","4":"format-standard","6":"category-a-cote-de-chez-nous","7":"category-culture","8":"category-loisirs","9":"category-n-203-fevrier-2023","10":"tag-theatre","11":"tag-ete-de-vaour","12":"tag-les-cabannes","13":"tag-scene-nationale-dalbi","14":"tag-cordes-sur-ciel"},"jetpack_featured_media_url":"","views":{"total":0,"cached_at":"","cached_date":1738512525},"jetpack_likes_enabled":true,"jetpack_sharing_enabled":true,"jetpack_shortlink":"https:\/\/wp.me\/pg7Wxj-dRm","jetpack-related-posts":[],"_links":{"self":[{"href":"https:\/\/www.o-p-i.fr\/parlonsen\/wp-json\/wp\/v2\/posts\/53280","targetHints":{"allow":["GET"]}}],"collection":[{"href":"https:\/\/www.o-p-i.fr\/parlonsen\/wp-json\/wp\/v2\/posts"}],"about":[{"href":"https:\/\/www.o-p-i.fr\/parlonsen\/wp-json\/wp\/v2\/types\/post"}],"author":[{"embeddable":true,"href":"https:\/\/www.o-p-i.fr\/parlonsen\/wp-json\/wp\/v2\/users\/4"}],"replies":[{"embeddable":true,"href":"https:\/\/www.o-p-i.fr\/parlonsen\/wp-json\/wp\/v2\/comments?post=53280"}],"version-history":[{"count":0,"href":"https:\/\/www.o-p-i.fr\/parlonsen\/wp-json\/wp\/v2\/posts\/53280\/revisions"}],"wp:attachment":[{"href":"https:\/\/www.o-p-i.fr\/parlonsen\/wp-json\/wp\/v2\/media?parent=53280"}],"wp:term":[{"taxonomy":"category","embeddable":true,"href":"https:\/\/www.o-p-i.fr\/parlonsen\/wp-json\/wp\/v2\/categories?post=53280"},{"taxonomy":"post_tag","embeddable":true,"href":"https:\/\/www.o-p-i.fr\/parlonsen\/wp-json\/wp\/v2\/tags?post=53280"}],"curies":[{"name":"wp","href":"https:\/\/api.w.org\/{rel}","templated":true}]}}