{"id":53291,"date":"2023-01-10T16:58:14","date_gmt":"2023-01-10T15:58:14","guid":{"rendered":"https:\/\/www.o-p-i.fr\/parlonsen\/?p=53291"},"modified":"2023-01-10T20:03:18","modified_gmt":"2023-01-10T19:03:18","slug":"vide-greniers-a-leojac-82","status":"publish","type":"post","link":"https:\/\/www.o-p-i.fr\/parlonsen\/localisation\/au-pays-des-tescous\/leojac\/vide-greniers-a-leojac-82\/","title":{"rendered":"Vide greniers &#8230; \u00e0 L\u00e9ojac (82)"},"content":{"rendered":"<p><strong>Dimanche 7 mai 2023,<\/strong> d\u00e8s 8h. et toute la journ\u00e9e, salle des f\u00eates et stade. <!--more--><\/p>\n<ul>\n<li><img data-recalc-dims=\"1\" loading=\"lazy\" decoding=\"async\" class=\"alignright wp-image-53296 size-full\" src=\"https:\/\/i0.wp.com\/www.o-p-i.fr\/parlonsen\/wp-content\/uploads\/vide-gr.jpg?resize=425%2C365&#038;ssl=1\" alt=\"\" width=\"425\" height=\"365\" srcset=\"https:\/\/i0.wp.com\/www.o-p-i.fr\/parlonsen\/wp-content\/uploads\/vide-gr.jpg?w=425&amp;ssl=1 425w, https:\/\/i0.wp.com\/www.o-p-i.fr\/parlonsen\/wp-content\/uploads\/vide-gr.jpg?resize=300%2C258&amp;ssl=1 300w, https:\/\/i0.wp.com\/www.o-p-i.fr\/parlonsen\/wp-content\/uploads\/vide-gr.jpg?resize=400%2C344&amp;ssl=1 400w, https:\/\/i0.wp.com\/www.o-p-i.fr\/parlonsen\/wp-content\/uploads\/vide-gr.jpg?resize=150%2C129&amp;ssl=1 150w, https:\/\/i0.wp.com\/www.o-p-i.fr\/parlonsen\/wp-content\/uploads\/vide-gr.jpg?resize=100%2C86&amp;ssl=1 100w\" sizes=\"auto, (max-width: 425px) 100vw, 425px\" \/>BUVETTE et RESTAURATION SUR PLACE<\/li>\n<li>RENSEIGNEMENTS : 06 81 42 08 63 \u00a0 <a href=\"mailto:accaleojac@hotmail.com\" target=\"_blank\" rel=\"noopener\">accaleojac@hotmail.com<\/a><\/li>\n<li>Inscription et r\u00e8glement \u00e0 retourner avant le 30 Avril 2023 \u00e0 :<br \/>\nMairie de L\u00e9ojac Bellegarde<br \/>\nACCA<br \/>\n55 Lotissement des Vergnous<br \/>\n82230 LEOJAC<\/li>\n<li>TARIFS &#8211;\n<ul>\n<li>EXTERIEUR : 10 \u20acuros l\u2019emplacement de 5 m x 5 m (V\u00e9hicule sur l\u2019emplacement)<\/li>\n<li>INTERIEUR : 5 \u20acuros le m\u00e8tre lin\u00e9aire (Tables et chaises fournies)<\/li>\n<\/ul>\n<\/li>\n<\/ul>\n<p>Aucune inscription ne sera enregistr\u00e9e sans l\u2019attestation d\u2019inscription compl\u00e8te et son paiement.<\/p>\n<p>Aucun encaissement sur place.<\/p>\n<p>Les exposants pourront s\u2019installer de 6h30 \u00e0 8h00 au del\u00e0 les emplacements ne seront<br \/>\nplus r\u00e9serv\u00e9s et les droits d\u2019inscription resterons acquis par l\u2019ACCA \u00e0 titre d\u2019indemnit\u00e9.<br \/>\nLes annulations ne seront accept\u00e9es que par \u00e9crit jusqu\u2019au 30 Avril 2023, date limite \u00e0 laquelle aucun<br \/>\nremboursement ne sera effectu\u00e9.<br \/>\nLes exposants devront respecter la d\u00e9viation mise en place pour arriver \u00e0 la salle des f\u00eates.<br \/>\nTous les objets sont accept\u00e9s, les organisateurs ne peuvent \u00eatre tenus responsables en cas de casse, de perte ou de<br \/>\nvol. Nous n\u2019acceptons pas les m\u00e9tiers de bouches et alimentaires.<br \/>\nEn raison des D\u00e9crets 881039 et 881040 concernant la vente et l\u2019\u00e9change des biens dans les manifestations<br \/>\npubliques, les exposants voudront bien veiller \u00e0 \u00eatre en r\u00e8gle avec la l\u00e9gislation en vigueur et fournir les<br \/>\nrenseignements n\u00e9cessaires aux organisateurs afin de pouvoir \u00eatre inscrits sur le registre de la manifestation.<\/p>\n<p>Pour t\u00e9l\u00e9charger le bulletin d&rsquo;inscription, cliquez <strong><a href=\"https:\/\/www.o-p-i.fr\/parlonsen\/wp-content\/uploads\/Inscription-VG-2023-LEOJAC.pdf\">Inscription VG 2023 LEOJAC<\/a><\/strong><\/p>\n<p><em>Information communiqu\u00e9e par l&rsquo;ACCA L\u00e9ojac<\/em><\/p>\n<p><a href=\"http:\/\/www.o-p-i.fr\/parlonsen\/agenda\/\">Retrouvez tous les \u00e9v\u00e9nements dans l&rsquo;agenda !<\/a><\/p>\n<p>&nbsp;<\/p>\n","protected":false},"excerpt":{"rendered":"<div class=\"mh-excerpt\">Dimanche 7 mai 2023, d\u00e8s 8h. et toute la journ\u00e9e, salle des f\u00eates et stade.<\/div>\n","protected":false},"author":4,"featured_media":0,"comment_status":"open","ping_status":"open","sticky":false,"template":"","format":"standard","meta":{"om_disable_all_campaigns":false,"advanced_seo_description":"","jetpack_seo_html_title":"","jetpack_seo_noindex":false,"_jetpack_memberships_contains_paid_content":false,"footnotes":"","_links_to":"","_links_to_target":""},"categories":[129,30,5130],"tags":[2553,5131],"class_list":{"0":"post-53291","1":"post","2":"type-post","3":"status-publish","4":"format-standard","6":"category-vide-grenier","7":"category-leojac","8":"category-n-206-mai-2023","9":"tag-leojac","10":"tag-bulletin-dinscription"},"jetpack_featured_media_url":"","views":{"total":1,"cached_at":"","cached_date":1738466754},"jetpack_likes_enabled":true,"jetpack_sharing_enabled":true,"jetpack_shortlink":"https:\/\/wp.me\/pg7Wxj-dRx","jetpack-related-posts":[],"_links":{"self":[{"href":"https:\/\/www.o-p-i.fr\/parlonsen\/wp-json\/wp\/v2\/posts\/53291","targetHints":{"allow":["GET"]}}],"collection":[{"href":"https:\/\/www.o-p-i.fr\/parlonsen\/wp-json\/wp\/v2\/posts"}],"about":[{"href":"https:\/\/www.o-p-i.fr\/parlonsen\/wp-json\/wp\/v2\/types\/post"}],"author":[{"embeddable":true,"href":"https:\/\/www.o-p-i.fr\/parlonsen\/wp-json\/wp\/v2\/users\/4"}],"replies":[{"embeddable":true,"href":"https:\/\/www.o-p-i.fr\/parlonsen\/wp-json\/wp\/v2\/comments?post=53291"}],"version-history":[{"count":0,"href":"https:\/\/www.o-p-i.fr\/parlonsen\/wp-json\/wp\/v2\/posts\/53291\/revisions"}],"wp:attachment":[{"href":"https:\/\/www.o-p-i.fr\/parlonsen\/wp-json\/wp\/v2\/media?parent=53291"}],"wp:term":[{"taxonomy":"category","embeddable":true,"href":"https:\/\/www.o-p-i.fr\/parlonsen\/wp-json\/wp\/v2\/categories?post=53291"},{"taxonomy":"post_tag","embeddable":true,"href":"https:\/\/www.o-p-i.fr\/parlonsen\/wp-json\/wp\/v2\/tags?post=53291"}],"curies":[{"name":"wp","href":"https:\/\/api.w.org\/{rel}","templated":true}]}}