{"id":53308,"date":"2023-01-12T09:51:02","date_gmt":"2023-01-12T08:51:02","guid":{"rendered":"https:\/\/www.o-p-i.fr\/parlonsen\/?p=53308"},"modified":"2023-01-12T09:51:02","modified_gmt":"2023-01-12T08:51:02","slug":"the-dansant-a-rabastens-81-8","status":"publish","type":"post","link":"https:\/\/www.o-p-i.fr\/parlonsen\/localisation\/a-cote-de-chez-nous\/the-dansant-a-rabastens-81-8\/","title":{"rendered":"Th\u00e9 dansant&#8230;\u00e0 Rabastens (81)"},"content":{"rendered":"<p><strong>Dimanche 29 janvier 2023<\/strong>, \u00e0 14h.30 \u00e0 la salle de l&rsquo;Union La\u00efque.<!--more--><img data-recalc-dims=\"1\" loading=\"lazy\" decoding=\"async\" class=\"alignright size-full wp-image-53310\" src=\"https:\/\/i0.wp.com\/www.o-p-i.fr\/parlonsen\/wp-content\/uploads\/the-2.jpg?resize=425%2C339&#038;ssl=1\" alt=\"\" width=\"425\" height=\"339\" srcset=\"https:\/\/i0.wp.com\/www.o-p-i.fr\/parlonsen\/wp-content\/uploads\/the-2.jpg?w=425&amp;ssl=1 425w, https:\/\/i0.wp.com\/www.o-p-i.fr\/parlonsen\/wp-content\/uploads\/the-2.jpg?resize=300%2C239&amp;ssl=1 300w, https:\/\/i0.wp.com\/www.o-p-i.fr\/parlonsen\/wp-content\/uploads\/the-2.jpg?resize=400%2C319&amp;ssl=1 400w, https:\/\/i0.wp.com\/www.o-p-i.fr\/parlonsen\/wp-content\/uploads\/the-2.jpg?resize=150%2C120&amp;ssl=1 150w, https:\/\/i0.wp.com\/www.o-p-i.fr\/parlonsen\/wp-content\/uploads\/the-2.jpg?resize=100%2C80&amp;ssl=1 100w\" sizes=\"auto, (max-width: 425px) 100vw, 425px\" \/>THE DANSANT anim\u00e9 par l&rsquo;orchestre Jacky LAFFONT.<\/p>\n<p>Entr\u00e9e 9\u20ac boissons et g\u00e2teaux compris. Possibilit\u00e9 r\u00e9servation HR au 06 17 24 04 55<\/p>\n<ul>\n<li>Date de l&rsquo;\u00e9v\u00e9nement : Dimanche 29 janvier 2023<\/li>\n<li>Horaires : 14:30 \u00e0 19:00<\/li>\n<li>Pour y aller :\u00a0 13 route de Grazac 81800-RABASTENS<\/li>\n<li>Tarifs : 9\u20ac<\/li>\n<li>Organisateur : Le Tourbillon de la Dansem<\/li>\n<li>Contact : CAVALIE JLouis<br \/>\n245 Chemin de Pellegri<br \/>\n81370-ST SULPICE LA POINTE<br \/>\nT\u00e9l. :0781512991<br \/>\nCourriel : <a href=\"mailto:jl.cavalie@laposte.net\" target=\"_blank\" rel=\"noopener\">jl.cavalie@laposte.net<\/a><\/li>\n<\/ul>\n<p><em>Information communiqu\u00e9e par Jean-Louis CAVALIE\u00a0<\/em><\/p>\n<p><a href=\"http:\/\/www.o-p-i.fr\/parlonsen\/agenda\/\">Retrouvez tous les \u00e9v\u00e9nements dans l&rsquo;agenda !<\/a><\/p>\n","protected":false},"excerpt":{"rendered":"<div class=\"mh-excerpt\">Dimanche 29 janvier 2023, \u00e0 14h.30 \u00e0 la salle de l&rsquo;Union La\u00efque.<\/div>\n","protected":false},"author":4,"featured_media":0,"comment_status":"open","ping_status":"open","sticky":false,"template":"","format":"standard","meta":{"om_disable_all_campaigns":false,"advanced_seo_description":"","jetpack_seo_html_title":"","jetpack_seo_noindex":false,"_jetpack_memberships_contains_paid_content":false,"footnotes":"","_links_to":"","_links_to_target":""},"categories":[42,54,5102],"tags":[72,80,4390,5132],"class_list":{"0":"post-53308","1":"post","2":"type-post","3":"status-publish","4":"format-standard","6":"category-a-cote-de-chez-nous","7":"category-loisirs","8":"category-n-202-janvier-2023","9":"tag-rabastens","10":"tag-the-dansant","11":"tag-union-laique-rabastinoise","12":"tag-jacky-laffont"},"jetpack_featured_media_url":"","views":{"total":0,"cached_at":"","cached_date":1738394946},"jetpack_likes_enabled":true,"jetpack_sharing_enabled":true,"jetpack_shortlink":"https:\/\/wp.me\/pg7Wxj-dRO","jetpack-related-posts":[],"_links":{"self":[{"href":"https:\/\/www.o-p-i.fr\/parlonsen\/wp-json\/wp\/v2\/posts\/53308","targetHints":{"allow":["GET"]}}],"collection":[{"href":"https:\/\/www.o-p-i.fr\/parlonsen\/wp-json\/wp\/v2\/posts"}],"about":[{"href":"https:\/\/www.o-p-i.fr\/parlonsen\/wp-json\/wp\/v2\/types\/post"}],"author":[{"embeddable":true,"href":"https:\/\/www.o-p-i.fr\/parlonsen\/wp-json\/wp\/v2\/users\/4"}],"replies":[{"embeddable":true,"href":"https:\/\/www.o-p-i.fr\/parlonsen\/wp-json\/wp\/v2\/comments?post=53308"}],"version-history":[{"count":0,"href":"https:\/\/www.o-p-i.fr\/parlonsen\/wp-json\/wp\/v2\/posts\/53308\/revisions"}],"wp:attachment":[{"href":"https:\/\/www.o-p-i.fr\/parlonsen\/wp-json\/wp\/v2\/media?parent=53308"}],"wp:term":[{"taxonomy":"category","embeddable":true,"href":"https:\/\/www.o-p-i.fr\/parlonsen\/wp-json\/wp\/v2\/categories?post=53308"},{"taxonomy":"post_tag","embeddable":true,"href":"https:\/\/www.o-p-i.fr\/parlonsen\/wp-json\/wp\/v2\/tags?post=53308"}],"curies":[{"name":"wp","href":"https:\/\/api.w.org\/{rel}","templated":true}]}}