{"id":53401,"date":"2023-01-20T01:03:47","date_gmt":"2023-01-20T00:03:47","guid":{"rendered":"https:\/\/www.o-p-i.fr\/parlonsen\/?p=53401"},"modified":"2023-01-20T01:03:47","modified_gmt":"2023-01-20T00:03:47","slug":"je-vois-bleu-spectacle-a-villebrumier-82","status":"publish","type":"post","link":"https:\/\/www.o-p-i.fr\/parlonsen\/localisation\/au-pays-des-tescous\/villebrumier\/je-vois-bleu-spectacle-a-villebrumier-82\/","title":{"rendered":"\u00ab\u00a0Je vois bleu\u00a0\u00bb, spectacle \u00e0 Villebrumier (82)"},"content":{"rendered":"<p><strong>Dimanche 22 janvier 2023<\/strong>, \u00e0 17h.30 \u00e0 la salle des f\u00eates.<!--more--><\/p>\n<p><img data-recalc-dims=\"1\" loading=\"lazy\" decoding=\"async\" class=\"alignright size-full wp-image-53402\" src=\"https:\/\/i0.wp.com\/www.o-p-i.fr\/parlonsen\/wp-content\/uploads\/bleu.jpg?resize=425%2C319&#038;ssl=1\" alt=\"\" width=\"425\" height=\"319\" srcset=\"https:\/\/i0.wp.com\/www.o-p-i.fr\/parlonsen\/wp-content\/uploads\/bleu.jpg?w=425&amp;ssl=1 425w, https:\/\/i0.wp.com\/www.o-p-i.fr\/parlonsen\/wp-content\/uploads\/bleu.jpg?resize=300%2C225&amp;ssl=1 300w, https:\/\/i0.wp.com\/www.o-p-i.fr\/parlonsen\/wp-content\/uploads\/bleu.jpg?resize=400%2C300&amp;ssl=1 400w, https:\/\/i0.wp.com\/www.o-p-i.fr\/parlonsen\/wp-content\/uploads\/bleu.jpg?resize=150%2C113&amp;ssl=1 150w, https:\/\/i0.wp.com\/www.o-p-i.fr\/parlonsen\/wp-content\/uploads\/bleu.jpg?resize=100%2C75&amp;ssl=1 100w\" sizes=\"auto, (max-width: 425px) 100vw, 425px\" \/>\u00a0JE VOIS BLEU \u2013 CIE LA MUSARDE #Villebrumier<\/p>\n<ul>\n<li>QUAND : dimanche 22 janvier 2023 \u00e0\u00a0 17 h 30<\/li>\n<li>O\u00d9 :Salle des F\u00eates &#8211; Place de la Mairie &#8211; 82370 Villebrumier<\/li>\n<li>JEUNE PUBLIC<\/li>\n<li>Tarifs : 5\u20acT\u00e9l\u00e9phone : 05 32 66 96 67<br \/>\nEmail : <a href=\"mailto:sabine.tortissier@grandsud82.fr\" target=\"_blank\" rel=\"noopener\">sabine.tortissier@grandsud82.fr<\/a><\/p>\n<p><strong>Je vois Bleu<\/strong> est une installation-spectacle d\u2019images en mouvement, \u00e0 mi-chemin entre les arts plastiques et les arts vivants. Un dispositif immersif entoure les spectateurs de projections visuelles et sonores.<\/li>\n<\/ul>\n<p>Les mouvements lents et suspendus sont comme une d\u00e9rive po\u00e9tique \u00e9voquant le myst\u00e8re du vivant.<\/p>\n<p>Tandis que la com\u00e9dienne-danseuse nous entra\u00eene dans les courants de sa gestuelle chor\u00e9graphi\u00e9e, les images et la musique cr\u00e9ent des liens imaginaires entre les fonds marins et les ventres de nos m\u00e8res ; les chants des baleines font \u00e9cho aux m\u00e9andres du grand secret de nos origines\u2026<\/p>\n<p>Information communiqu\u00e9e par Sabine TORTISSIER<\/p>\n<p><a href=\"http:\/\/www.o-p-i.fr\/parlonsen\/agenda\/\">Retrouvez tous les \u00e9v\u00e9nements dans l&rsquo;agenda !<\/a><\/p>\n<p>&nbsp;<\/p>\n","protected":false},"excerpt":{"rendered":"<div class=\"mh-excerpt\">Dimanche 22 janvier 2023, \u00e0 17h.30 \u00e0 la salle des f\u00eates.<\/div>\n","protected":false},"author":4,"featured_media":0,"comment_status":"open","ping_status":"open","sticky":false,"template":"","format":"standard","meta":{"om_disable_all_campaigns":false,"advanced_seo_description":"","jetpack_seo_html_title":"","jetpack_seo_noindex":false,"_jetpack_memberships_contains_paid_content":false,"footnotes":"","_links_to":"","_links_to_target":""},"categories":[54,19,5102],"tags":[2544,5156],"class_list":{"0":"post-53401","1":"post","2":"type-post","3":"status-publish","4":"format-standard","6":"category-loisirs","7":"category-villebrumier","8":"category-n-202-janvier-2023","9":"tag-villebrumier","10":"tag-la-musarde"},"jetpack_featured_media_url":"","views":{"total":0,"cached_at":"","cached_date":1738482721},"jetpack_likes_enabled":true,"jetpack_sharing_enabled":true,"jetpack_shortlink":"https:\/\/wp.me\/pg7Wxj-dTj","jetpack-related-posts":[],"_links":{"self":[{"href":"https:\/\/www.o-p-i.fr\/parlonsen\/wp-json\/wp\/v2\/posts\/53401","targetHints":{"allow":["GET"]}}],"collection":[{"href":"https:\/\/www.o-p-i.fr\/parlonsen\/wp-json\/wp\/v2\/posts"}],"about":[{"href":"https:\/\/www.o-p-i.fr\/parlonsen\/wp-json\/wp\/v2\/types\/post"}],"author":[{"embeddable":true,"href":"https:\/\/www.o-p-i.fr\/parlonsen\/wp-json\/wp\/v2\/users\/4"}],"replies":[{"embeddable":true,"href":"https:\/\/www.o-p-i.fr\/parlonsen\/wp-json\/wp\/v2\/comments?post=53401"}],"version-history":[{"count":0,"href":"https:\/\/www.o-p-i.fr\/parlonsen\/wp-json\/wp\/v2\/posts\/53401\/revisions"}],"wp:attachment":[{"href":"https:\/\/www.o-p-i.fr\/parlonsen\/wp-json\/wp\/v2\/media?parent=53401"}],"wp:term":[{"taxonomy":"category","embeddable":true,"href":"https:\/\/www.o-p-i.fr\/parlonsen\/wp-json\/wp\/v2\/categories?post=53401"},{"taxonomy":"post_tag","embeddable":true,"href":"https:\/\/www.o-p-i.fr\/parlonsen\/wp-json\/wp\/v2\/tags?post=53401"}],"curies":[{"name":"wp","href":"https:\/\/api.w.org\/{rel}","templated":true}]}}