{"id":53642,"date":"2023-02-23T06:23:09","date_gmt":"2023-02-23T05:23:09","guid":{"rendered":"https:\/\/www.o-p-i.fr\/parlonsen\/?p=53642"},"modified":"2023-02-23T06:23:09","modified_gmt":"2023-02-23T05:23:09","slug":"association-la-belle-montee-la-salvetat-belmontet-82","status":"publish","type":"post","link":"https:\/\/www.o-p-i.fr\/parlonsen\/localisation\/au-pays-des-tescous\/salvetat\/association-la-belle-montee-la-salvetat-belmontet-82\/","title":{"rendered":"Association \u00ab\u00a0La Belle Mont\u00e9e\u00a0\u00bb &#8230; La Salvetat Belmontet (82)"},"content":{"rendered":"<p>Programme des randonn\u00e9es en <strong>mars et avril 2023<\/strong>.<!--more--><\/p>\n<p style=\"text-align: center;\"><strong>ASSOCIATION LA BELLE MONTEE &#8211; Loisirs et sports en Quercy Vert.<\/strong><\/p>\n<p><img data-recalc-dims=\"1\" loading=\"lazy\" decoding=\"async\" class=\"aligncenter size-full wp-image-53643\" src=\"https:\/\/i0.wp.com\/www.o-p-i.fr\/parlonsen\/wp-content\/uploads\/belle-montee-1.jpg?resize=702%2C142&#038;ssl=1\" alt=\"\" width=\"702\" height=\"142\" srcset=\"https:\/\/i0.wp.com\/www.o-p-i.fr\/parlonsen\/wp-content\/uploads\/belle-montee-1.jpg?w=702&amp;ssl=1 702w, https:\/\/i0.wp.com\/www.o-p-i.fr\/parlonsen\/wp-content\/uploads\/belle-montee-1.jpg?resize=300%2C61&amp;ssl=1 300w, https:\/\/i0.wp.com\/www.o-p-i.fr\/parlonsen\/wp-content\/uploads\/belle-montee-1.jpg?resize=400%2C81&amp;ssl=1 400w, https:\/\/i0.wp.com\/www.o-p-i.fr\/parlonsen\/wp-content\/uploads\/belle-montee-1.jpg?resize=430%2C87&amp;ssl=1 430w, https:\/\/i0.wp.com\/www.o-p-i.fr\/parlonsen\/wp-content\/uploads\/belle-montee-1.jpg?resize=150%2C30&amp;ssl=1 150w, https:\/\/i0.wp.com\/www.o-p-i.fr\/parlonsen\/wp-content\/uploads\/belle-montee-1.jpg?resize=100%2C20&amp;ssl=1 100w\" sizes=\"auto, (max-width: 702px) 100vw, 702px\" \/><br \/>\n<span style=\"color: #ff0000;\">Pour une bonne organisation des randonn\u00e9es, nous vous remercions de vous inscrire au plus tard la veille de<\/span><br \/>\n<span style=\"color: #ff0000;\">la randonn\u00e9e par t\u00e9l\u00e9phone ou SMS :<\/span><\/p>\n<p>\u25cf Pour les randos longues du jeudi et celles du week-end : Serge Lafon : 06.33.83.02.01,<br \/>\nNicole Ducos : 07.69.26.50.48, Jeannette Castella : 06 32 92 46 39.<br \/>\n\u25cf Pour les randos courtes du jeudi : Genevi\u00e8ve Dourel : 06.28.35.48.78.<\/p>\n<p><strong>Lieu de d\u00e9part des randonn\u00e9es et Horaires<\/strong><br \/>\nPoint de RDV : Maison des Associations (pr\u00e8s de l\u2019\u00e9glise) \u00e0 La Salvetat-Belmontet<br \/>\nTarif du covoiturage : 3 euros. Le covoiturage est possible, mais pas obligatoire.<\/p>\n<h3>Horaires :<\/h3>\n<p>\u25cf Randos longues du jeudi et celles du week-end : Rdv 13h45 pour d\u00e9part 14h00<br \/>\n\u25cf Randos courtes : Rdv 13h45 pour d\u00e9part 14h00<\/p>\n<p><strong>Programme du jeudi : Version longue<\/strong><br \/>\n02\/03 : In\u00e9dite &#8211; St Antonin : \u201cClergue &#8211; La Gourgue &#8211; Girbelle\u201d &#8211; 11 kms &#8211; 2h30 &#8211; facile<br \/>\n09\/03 : Bruniquel : \u201cMari\u00e8res Merlins Abriols\u201d &#8211; 12 kms &#8211; 3h20 &#8211; moyen (d\u00e9nivel\u00e9)<br \/>\n16\/03 : St Antonin : PR 25 \u201cCirque de Bone &#8211; Saut du loup &#8211; variante\u201d &#8211; 8,8 kms &#8211; 3h00 &#8211; moyen (d\u00e9nivel\u00e9)<br \/>\n23\/03 : journ\u00e9e th\u00e9matique : randos longues et courtes : St Sulpice la Pointe<br \/>\n<strong>Rando le matin In\u00e9dite<\/strong> : St Lieux l\u00e8s Lavaur : sentier de la plaine d\u2018Agout &#8211; 7 kms &#8211; 1h30 &#8211; facile<br \/>\npicnic ou resto (non d\u00e9fini \u00e0 ce jour) &#8211; 15h00 <strong>visite du Souterrain medieval du Castela<\/strong><br \/>\nUn mail sera adress\u00e9 afin de pr\u00e9ciser les modalit\u00e9s de la journ\u00e9e (horaire, inscription, repas,<br \/>\nco\u00fbt de la visite (variable si plus ou moins 19 inscrits)).<br \/>\n30\/03 : In\u00e9dite : rando \u00e0 la journ\u00e9e avec picnic &#8211; Rdv 9h15 d\u00e9part 9h30. Cahuzac sur Vere : Sentier des lavoirs &#8211; 16 kms &#8211; 5h &#8211; facile<br \/>\n06\/04 : Pas de rando longue car s\u00e9jour \u00e0 Vaylats du 4 au 7\/04 &#8211; voir rando courte<br \/>\n13\/04 : In\u00e9dite : L\u2019Honor de Cos : Aussac -Pichau &#8211; 12 kms &#8211; 4h05 &#8211; moyen &#8211; d\u00e9nivel\u00e9<br \/>\n20\/04 : rando \u00e0 la journ\u00e9e avec picnic &#8211; Rdv 9h15 d\u00e9part 9h30. Bruniquel : PR8 circuit des 7 perdrix<br \/>\n&#8211; 18,9 kms &#8211; 6h &#8211; difficile (distance)<br \/>\n27\/04 : In\u00e9dite : Cordes sur Ciel : le sentier du Causse &#8211; 12 kms &#8211; 3h30 &#8211; moyen (d\u00e9nivel\u00e9)<br \/>\nProgramme du jeudi : Version courte<br \/>\n02\/03: Grisolles : PR1- les coteaux de Garonne &#8211; 6,5 kms &#8211; 2h- facile (mont\u00e9e au d\u00e9part).<br \/>\n09\/03 : Bruniquel : le sentier des Rennes &#8211; 5,3 kms &#8211; 2h30<br \/>\n16\/03 : Villemur sur Tarn : le pech des Agnels &#8211; 8,5 kms &#8211; 2h20<br \/>\n23\/03 : Journ\u00e9e th\u00e9matique : randos longues et courtes : St Sulpice la Pointe (cf d\u00e9tail rando longue)<br \/>\n30\/03 : Montricoux : le lavoir d\u2019Embarre &#8211; 7 kms &#8211; 2h<br \/>\n06\/04 : Monteils : le parc de la L\u00e8re &#8211; 8 kms &#8211; 2h30<br \/>\n13\/04: Lamothe Capdeville : les coteaux d\u2019Ardus &#8211; 5 kms &#8211; 1h30<br \/>\n20\/04: Revel de Vaissac : Le lac du Gouyre &#8211; 6 kms &#8211; 2h<br \/>\n27\/04: L\u2019Honor de Cos : circuit de Padi\u00e9 &#8211; 7 kms &#8211; 2h<br \/>\nProgramme Week-End : Alternativement Samedi \/ Dimanche<br \/>\nS 04\/03 : Grisolles : PR2 de bois en canal &#8211; 11 kms &#8211; 3h00 &#8211; facile<br \/>\nD 12\/03 : N\u00e8grepelisse : PR2 les 7 ponts &#8211; 10,9 kms &#8211; 2h45 &#8211; facile<br \/>\nS 18\/03 : Labarthe : Circuit des oiseaux &#8211; 10 kms &#8211; 2h30 &#8211; facile<br \/>\nD 26\/03 : Bondigoux : De vall\u00e9e en collines &#8211; 9,5 kms &#8211; facile &#8211; 3h00<br \/>\nS 01\/04 : Penne &#8211; Les Suquets &#8211; 10 kms &#8211; 3h15 &#8211; moyen (d\u00e9nivel\u00e9)<br \/>\nD 09\/04 : Pas de randonn\u00e9e : retour du s\u00e9jour \u00e0 Vaylats et week-end de P\u00e2ques<br \/>\nS 15\/04 : St Antonin : PR7 Negro Crabo &#8211; 8 kms &#8211; 3h00 &#8211; moyen (d\u00e9nivel\u00e9)<br \/>\nD 23\/04 : Varennes : PR1 les vallons de Varennes &#8211; 11,7 kms &#8211; 3h30 &#8211; facile<br \/>\nS 29\/04 : St Antonin : PR28 Ste Sabine &#8211; Laussi &#8211; 9,5 kms &#8211; 2H30 &#8211; facile<\/p>\n<p><strong>Rappel<\/strong> : Les informations concernant Distance\/Dur\u00e9e\/Difficult\u00e9 sont donn\u00e9es \u00e0 titre indicatif. La dur\u00e9e ne<br \/>\ncomprend pas les temps de pause, de repas ou de pique-nique et peut varier en fonction du niveau des<br \/>\nrandonneurs pr\u00e9sents.<br \/>\nEn cas de probl\u00e8me d\u2019encadrement, de m\u00e9t\u00e9o, ou tout autre impr\u00e9vu, les organisateurs pourront \u00eatre amen\u00e9s \u00e0<br \/>\nchanger le parcours initialement pr\u00e9vu, c\u2019est pourquoi <strong>nous vous conseillons de toujours venir au point de<\/strong><br \/>\n<strong>rendez-vous \u00e0 la salle des associations, parking de l\u2019\u00e9glise de La Salvetat.<\/strong><br \/>\n<strong>Consignes sanitaires<\/strong> : RAS pour le moment<br \/>\nSi sympt\u00f4mes du Covid-19 : restez chez soi et pr\u00e9venir l\u2019animateur si des signes apparaissent dans la semaine<br \/>\nsuivant la randonn\u00e9e<br \/>\nEn cas d\u2019\u00e9volution du Covid19, nous vous tiendrons inform\u00e9s des dispositions particuli\u00e8res susceptibles d\u2019\u00eatre<br \/>\nmises en place.<\/p>\n<h4 style=\"text-align: center;\">\nPOUR LES CYCLISTES SUR ROUTE :<\/h4>\n<p>Le dimanche matin rendez-vous \u00e0 la salle des associations de La Salvetat \u00e0 8h00 (8h30 lorsque le jour n\u2019est pas encore lev\u00e9). Il est conseill\u00e9 de prendre contact avec les organisateurs ci-dessous.<br \/>\nLes parcours seront \u00e9tablis en fonction des participants et de la m\u00e9t\u00e9o (g\u00e9n\u00e9ralement de 60 \u00e0 100 km). En cas de participation \u00e0 des sorties organis\u00e9es par d\u2019autres clubs le lieu de rendez-vous et d\u00e9part pourra changer. En cas de mauvais temps, le jour ou l\u2019heure de d\u00e9part pourront \u00e9galement changer.<br \/>\nLe mercredi apr\u00e8s-midi au d\u00e9part de Verlhac (durant les heures d\u2019\u00e9t\u00e9).<br \/>\n<strong>Contacts :<\/strong> E. VIES 06-08-88-63-37 \/ J.M. SANGLA 07.85.62.46.40.<br \/>\nVous pouvez \u00e9galement trouver des informations et des photos de nos randonn\u00e9es sur le site internet de<br \/>\nl\u2019association \u00e0 l\u2019adresse : <a href=\"http:\/\/la-belle-montee.clubeo.com.\" target=\"_blank\" rel=\"noopener\">http:\/\/la-belle-montee.clubeo.com.<\/a><br \/>\n<strong>Contacts<\/strong> : Mail : <a href=\"mailto:jeanmarc.sangla@gmail.com\" target=\"_blank\" rel=\"noopener\">jeanmarc.sangla@gmail.com<\/a> \u2013 T\u00e9l\u00e9phone : Jean-Marc SANGLA 07.85.62.46.40<\/p>\n<p><em>Information communiqu\u00e9e par Jean-Marc SANGLA<\/em><\/p>\n<p>&nbsp;<\/p>\n","protected":false},"excerpt":{"rendered":"<div class=\"mh-excerpt\">Programme des randonn\u00e9es en mars et avril 2023.<\/div>\n","protected":false},"author":4,"featured_media":0,"comment_status":"open","ping_status":"open","sticky":false,"template":"","format":"standard","meta":{"om_disable_all_campaigns":false,"advanced_seo_description":"","jetpack_seo_html_title":"","jetpack_seo_noindex":false,"_jetpack_memberships_contains_paid_content":false,"footnotes":"","_links_to":"","_links_to_target":""},"categories":[34,54,53,5128,5129],"tags":[181,762,2697,2792,4898],"class_list":{"0":"post-53642","1":"post","2":"type-post","3":"status-publish","4":"format-standard","6":"category-salvetat","7":"category-loisirs","8":"category-sports","9":"category-n-204-mars-2023","10":"category-n-205-avril-2023","11":"tag-la-salvetat-belmontet","12":"tag-randonnee-pedestre","13":"tag-randonnee-cycliste","14":"tag-la-belle-montee","15":"tag-programme-randonnees"},"jetpack_featured_media_url":"","views":{"total":2,"cached_at":"","cached_date":1738347750},"jetpack_likes_enabled":true,"jetpack_sharing_enabled":true,"jetpack_shortlink":"https:\/\/wp.me\/pg7Wxj-dXc","jetpack-related-posts":[],"_links":{"self":[{"href":"https:\/\/www.o-p-i.fr\/parlonsen\/wp-json\/wp\/v2\/posts\/53642","targetHints":{"allow":["GET"]}}],"collection":[{"href":"https:\/\/www.o-p-i.fr\/parlonsen\/wp-json\/wp\/v2\/posts"}],"about":[{"href":"https:\/\/www.o-p-i.fr\/parlonsen\/wp-json\/wp\/v2\/types\/post"}],"author":[{"embeddable":true,"href":"https:\/\/www.o-p-i.fr\/parlonsen\/wp-json\/wp\/v2\/users\/4"}],"replies":[{"embeddable":true,"href":"https:\/\/www.o-p-i.fr\/parlonsen\/wp-json\/wp\/v2\/comments?post=53642"}],"version-history":[{"count":0,"href":"https:\/\/www.o-p-i.fr\/parlonsen\/wp-json\/wp\/v2\/posts\/53642\/revisions"}],"wp:attachment":[{"href":"https:\/\/www.o-p-i.fr\/parlonsen\/wp-json\/wp\/v2\/media?parent=53642"}],"wp:term":[{"taxonomy":"category","embeddable":true,"href":"https:\/\/www.o-p-i.fr\/parlonsen\/wp-json\/wp\/v2\/categories?post=53642"},{"taxonomy":"post_tag","embeddable":true,"href":"https:\/\/www.o-p-i.fr\/parlonsen\/wp-json\/wp\/v2\/tags?post=53642"}],"curies":[{"name":"wp","href":"https:\/\/api.w.org\/{rel}","templated":true}]}}