{"id":53715,"date":"2023-03-02T20:24:10","date_gmt":"2023-03-02T19:24:10","guid":{"rendered":"https:\/\/www.o-p-i.fr\/parlonsen\/?p=53715"},"modified":"2023-03-02T21:03:50","modified_gmt":"2023-03-02T20:03:50","slug":"les-theatrales-en-qurcy-vert-a-la-salvetat-belmontet-82","status":"publish","type":"post","link":"https:\/\/www.o-p-i.fr\/parlonsen\/localisation\/au-pays-des-tescous\/salvetat\/les-theatrales-en-qurcy-vert-a-la-salvetat-belmontet-82\/","title":{"rendered":"Les th\u00e9\u00e2trales en Quercy Vert&#8230; \u00e0 La Salvetat Belmontet (82)"},"content":{"rendered":"<p><strong>Vendredi 31 mars et samedi 1er avril 2023<\/strong>, \u00e0 21h. salle de Saint Caprais<!--more--><\/p>\n<p><img data-recalc-dims=\"1\" loading=\"lazy\" decoding=\"async\" class=\"aligncenter wp-image-53716\" src=\"https:\/\/i0.wp.com\/www.o-p-i.fr\/parlonsen\/wp-content\/uploads\/theatrales-1.jpg?resize=800%2C812&#038;ssl=1\" alt=\"\" width=\"800\" height=\"812\" srcset=\"https:\/\/i0.wp.com\/www.o-p-i.fr\/parlonsen\/wp-content\/uploads\/theatrales-1.jpg?w=624&amp;ssl=1 624w, https:\/\/i0.wp.com\/www.o-p-i.fr\/parlonsen\/wp-content\/uploads\/theatrales-1.jpg?resize=296%2C300&amp;ssl=1 296w, https:\/\/i0.wp.com\/www.o-p-i.fr\/parlonsen\/wp-content\/uploads\/theatrales-1.jpg?resize=400%2C406&amp;ssl=1 400w, https:\/\/i0.wp.com\/www.o-p-i.fr\/parlonsen\/wp-content\/uploads\/theatrales-1.jpg?resize=430%2C436&amp;ssl=1 430w, https:\/\/i0.wp.com\/www.o-p-i.fr\/parlonsen\/wp-content\/uploads\/theatrales-1.jpg?resize=150%2C152&amp;ssl=1 150w, https:\/\/i0.wp.com\/www.o-p-i.fr\/parlonsen\/wp-content\/uploads\/theatrales-1.jpg?resize=100%2C101&amp;ssl=1 100w\" sizes=\"auto, (max-width: 800px) 100vw, 800px\" \/><\/p>\n<p>Les th\u00e9\u00e2trales en quercy vert, festival de th\u00e9\u00e2tre amateur sur 2 jours:<\/p>\n<ul>\n<li>Vendredi : \u00ab\u00a0La candidate\u00a0\u00bb<\/li>\n<li>Samedi : \u00ab\u00a0Toqu\u00e9 avant d&rsquo;entrer\u00a0\u00bb<\/li>\n<\/ul>\n<p>A l&rsquo;occasion de la 26 \u00e8me \u00e9dition du festival de th\u00e9\u00e2tre amateur les th\u00e9\u00e2trales en quercy vert, le th\u00e9\u00e2tre en quercy vert vous propose 2 com\u00e9dies:<\/p>\n<p><strong>Vendredi 31 mars 2023 \u00e0 21h,<\/strong> par la compagnie LES AJT, \u00ab\u00a0La candidate\u00a0\u00bb com\u00e9die de Jean Franco et Guillaume M\u00e9lanie. Dur\u00e9e 100 mn<br \/>\nSuite de la pi\u00e8ce \u00e0 succ\u00e8s \u00ab\u00a0Panique au Minist\u00e8re\u00a0\u00bb, C\u00e9cile ministre de la Jeunesse et des Sports d\u00e9cide de se pr\u00e9senter \u00e0 l\u2019\u00e9lection Pr\u00e9sidentielle trois mois avant la fin de ses fonctions: situation de choc et vent de panique o\u00f9 l\u2019on promet de nombreux \u00e9clats de rire.<br \/>\nPour tout public.<\/p>\n<p><strong>Samedi 1 Avril 2023 \u00e0 21h,<\/strong> par la troupe Bressial&rsquo; Com\u00e9die de Bressols 82,<br \/>\n\u00ab\u00a0Toqu\u00e9 avant d&rsquo;entrer\u00a0\u00bb de Fran\u00e7ois Scharre. Dur\u00e9e 90 mn<br \/>\nComment se loger apr\u00e8s avoir \u00e9t\u00e9 expuls\u00e9 du domicile conjugal en se retrouvant seul ? Herv\u00e9 s&rsquo;invente un TOC pour vivre en coloc avec d\u2019autres Toqu\u00e9s. Mais comment ne pas s\u2019y perdre quand on ne dit pas les m\u00eames mensonges \u00e0 sa femme, ses colocataires et au juge des affaires familiales ? Une suite de situations cocasses et d\u00e9jant\u00e9es o\u00f9 le rire est omnipr\u00e9sent.<br \/>\nPour tout public<\/p>\n<p><strong>Accueil d\u00e8s 20h<\/strong>, caf\u00e9 offert \u00e0 l\u2019entr\u00e9e et rencontre avec les com\u00e9diens \u00e0 l\u2019issue du spectacle avec petits g\u00e2teaux et boissons pour tous.<br \/>\nPas de r\u00e9servation ; N&rsquo;arrivez pas en retard !!! portes ferm\u00e9es d\u00e8s le d\u00e9but du spectacle.<\/p>\n<p><em>Information communiqu\u00e9e ar Christian MOUYEN<\/em><\/p>\n<p><a href=\"http:\/\/www.o-p-i.fr\/parlonsen\/agenda\/\">Retrouvez tous les \u00e9v\u00e9nements dans l&rsquo;agenda !<\/a><\/p>\n<p>&nbsp;<\/p>\n","protected":false},"excerpt":{"rendered":"<div class=\"mh-excerpt\">Vendredi 31 mars et samedi 1er avril 2023, \u00e0 21h. salle de Saint Caprais<\/div>\n","protected":false},"author":4,"featured_media":0,"comment_status":"open","ping_status":"open","sticky":false,"template":"","format":"standard","meta":{"om_disable_all_campaigns":false,"advanced_seo_description":"","jetpack_seo_html_title":"","jetpack_seo_noindex":false,"_jetpack_memberships_contains_paid_content":false,"footnotes":"","_links_to":"","_links_to_target":""},"categories":[34,54,5128,5129],"tags":[181,1049,3527,3556,5211,5212],"class_list":{"0":"post-53715","1":"post","2":"type-post","3":"status-publish","4":"format-standard","6":"category-salvetat","7":"category-loisirs","8":"category-n-204-mars-2023","9":"category-n-205-avril-2023","10":"tag-la-salvetat-belmontet","11":"tag-comedie","12":"tag-saint-caprais-2","13":"tag-theatrales-en-quercy-vert","14":"tag-les-a-j-t","15":"tag-bressial"},"jetpack_featured_media_url":"","views":{"total":0,"cached_at":"","cached_date":1738381170},"jetpack_likes_enabled":true,"jetpack_sharing_enabled":true,"jetpack_shortlink":"https:\/\/wp.me\/pg7Wxj-dYn","jetpack-related-posts":[],"_links":{"self":[{"href":"https:\/\/www.o-p-i.fr\/parlonsen\/wp-json\/wp\/v2\/posts\/53715","targetHints":{"allow":["GET"]}}],"collection":[{"href":"https:\/\/www.o-p-i.fr\/parlonsen\/wp-json\/wp\/v2\/posts"}],"about":[{"href":"https:\/\/www.o-p-i.fr\/parlonsen\/wp-json\/wp\/v2\/types\/post"}],"author":[{"embeddable":true,"href":"https:\/\/www.o-p-i.fr\/parlonsen\/wp-json\/wp\/v2\/users\/4"}],"replies":[{"embeddable":true,"href":"https:\/\/www.o-p-i.fr\/parlonsen\/wp-json\/wp\/v2\/comments?post=53715"}],"version-history":[{"count":0,"href":"https:\/\/www.o-p-i.fr\/parlonsen\/wp-json\/wp\/v2\/posts\/53715\/revisions"}],"wp:attachment":[{"href":"https:\/\/www.o-p-i.fr\/parlonsen\/wp-json\/wp\/v2\/media?parent=53715"}],"wp:term":[{"taxonomy":"category","embeddable":true,"href":"https:\/\/www.o-p-i.fr\/parlonsen\/wp-json\/wp\/v2\/categories?post=53715"},{"taxonomy":"post_tag","embeddable":true,"href":"https:\/\/www.o-p-i.fr\/parlonsen\/wp-json\/wp\/v2\/tags?post=53715"}],"curies":[{"name":"wp","href":"https:\/\/api.w.org\/{rel}","templated":true}]}}