{"id":53729,"date":"2023-03-03T00:59:22","date_gmt":"2023-03-02T23:59:22","guid":{"rendered":"https:\/\/www.o-p-i.fr\/parlonsen\/?p=53729"},"modified":"2023-03-03T01:13:16","modified_gmt":"2023-03-03T00:13:16","slug":"turbo-niglo-en-concert-a-salvagnac-81","status":"publish","type":"post","link":"https:\/\/www.o-p-i.fr\/parlonsen\/localisation\/au-pays-des-tescous\/salvagnac\/turbo-niglo-en-concert-a-salvagnac-81\/","title":{"rendered":"Turbo Niglo en concert&#8230;\u00e0 Salvagnac (81)"},"content":{"rendered":"<p><strong>Samedi 11 mars 2023<\/strong> , d\u00e8s 19h.30 au Galetas<!--more--><\/p>\n<ul>\n<li><strong>CONCERT<\/strong> \u00c0 21H00 : 10 \u20ac (TARIF R\u00c9DUIT 7 \u20ac, GRATUIT POUR LES -12 ANS)<\/li>\n<li><strong>REPAS\u00a0\u00a0MAISON <\/strong>(SEULEMENT SUR R\u00c9SERVATION) \u00c0 19H30 : 7,50 \u20ac (5 \u20ac POUR LES -12 ANS)<br \/>\nR\u00c9SERVATION OBLIGATOIRE POUR LE REPAS AU : 06 79 68 12 15 (par texto de pr\u00e9f\u00e9rence)<\/li>\n<\/ul>\n<p style=\"text-align: center;\"><img data-recalc-dims=\"1\" loading=\"lazy\" decoding=\"async\" class=\"alignright size-full wp-image-53730\" src=\"https:\/\/i0.wp.com\/www.o-p-i.fr\/parlonsen\/wp-content\/uploads\/turbo.jpg?resize=425%2C331&#038;ssl=1\" alt=\"\" width=\"425\" height=\"331\" srcset=\"https:\/\/i0.wp.com\/www.o-p-i.fr\/parlonsen\/wp-content\/uploads\/turbo.jpg?w=425&amp;ssl=1 425w, https:\/\/i0.wp.com\/www.o-p-i.fr\/parlonsen\/wp-content\/uploads\/turbo.jpg?resize=300%2C234&amp;ssl=1 300w, https:\/\/i0.wp.com\/www.o-p-i.fr\/parlonsen\/wp-content\/uploads\/turbo.jpg?resize=400%2C312&amp;ssl=1 400w, https:\/\/i0.wp.com\/www.o-p-i.fr\/parlonsen\/wp-content\/uploads\/turbo.jpg?resize=150%2C117&amp;ssl=1 150w, https:\/\/i0.wp.com\/www.o-p-i.fr\/parlonsen\/wp-content\/uploads\/turbo.jpg?resize=100%2C78&amp;ssl=1 100w\" sizes=\"auto, (max-width: 425px) 100vw, 425px\" \/><strong>TURBO NIGLO<\/strong><br \/>\n<strong>Power Manouche<\/strong><br \/>\nTurbo Niglo, une exp\u00e9rience musicale dynamique et festive, une bougie d&rsquo;allumage qui propulse les d\u00e9lires d\u00e9jant\u00e9s et planants des deux guitaristes. Adeptes du \u00ab Do It Yourself \u00bb, Sami Chaibi et Mike Davis font tout eux-m\u00eames, de la composition \u00e0 la mise en sc\u00e8ne, ils contr\u00f4lent les jeux de lumi\u00e8re, les vid\u00e9os et leurs effets sc\u00e9niques, ce qui leur permet d&rsquo;aborder leurs univers musical avec une libert\u00e9 artistique totale et sans concession.<\/p>\n<p><strong>PROCHAINE DATE :<\/strong><br \/>\nSAMEDI 8 AVRIL 2023<\/p>\n<p><strong>Combo Karib<\/strong><br \/>\nCalypso, biguine, salsa, konpa, mento<\/p>\n<p>Quatre musicien\u00b7es &#8230; trois voix et neuf instruments !<br \/>\nCes joyeux lurons vous invitent \u00e0 embarquer pour Ha\u00efti, Trinidad, Cuba, la Martinique, la Jama\u00efque et vivre un voyage musical haut en couleur, sensuel, charg\u00e9 d&rsquo;histoire et plein de surprises !<br \/>\nUn concert \u00e0 danser ou \u00e0 \u00e9couter les doigts de pied en \u00e9ventail.<\/p>\n<p><em>Information communiqu\u00e9e par \u00ab\u00a0Le Galetas\u00a0\u00bb<\/em><\/p>\n<p><a href=\"http:\/\/www.o-p-i.fr\/parlonsen\/agenda\/\">Retrouvez tous les \u00e9v\u00e9nements dans l&rsquo;agenda !<\/a><\/p>\n","protected":false},"excerpt":{"rendered":"<div class=\"mh-excerpt\">Samedi 11 mars 2023 , d\u00e8s 19h.30 au Galetas<\/div>\n","protected":false},"author":4,"featured_media":0,"comment_status":"open","ping_status":"open","sticky":false,"template":"","format":"standard","meta":{"om_disable_all_campaigns":false,"advanced_seo_description":"","jetpack_seo_html_title":"","jetpack_seo_noindex":false,"_jetpack_memberships_contains_paid_content":false,"footnotes":"","_links_to":"","_links_to_target":""},"categories":[54,25,5128],"tags":[43,2548,1319,3402,5217],"class_list":{"0":"post-53729","1":"post","2":"type-post","3":"status-publish","4":"format-standard","6":"category-loisirs","7":"category-salvagnac","8":"category-n-204-mars-2023","9":"tag-concert","10":"tag-salvagnac","11":"tag-le-galetas","12":"tag-repas-maison","13":"tag-turbo-niglo"},"jetpack_featured_media_url":"","views":{"total":0,"cached_at":"","cached_date":1738278626},"jetpack_likes_enabled":true,"jetpack_sharing_enabled":true,"jetpack_shortlink":"https:\/\/wp.me\/pg7Wxj-dYB","jetpack-related-posts":[],"_links":{"self":[{"href":"https:\/\/www.o-p-i.fr\/parlonsen\/wp-json\/wp\/v2\/posts\/53729","targetHints":{"allow":["GET"]}}],"collection":[{"href":"https:\/\/www.o-p-i.fr\/parlonsen\/wp-json\/wp\/v2\/posts"}],"about":[{"href":"https:\/\/www.o-p-i.fr\/parlonsen\/wp-json\/wp\/v2\/types\/post"}],"author":[{"embeddable":true,"href":"https:\/\/www.o-p-i.fr\/parlonsen\/wp-json\/wp\/v2\/users\/4"}],"replies":[{"embeddable":true,"href":"https:\/\/www.o-p-i.fr\/parlonsen\/wp-json\/wp\/v2\/comments?post=53729"}],"version-history":[{"count":0,"href":"https:\/\/www.o-p-i.fr\/parlonsen\/wp-json\/wp\/v2\/posts\/53729\/revisions"}],"wp:attachment":[{"href":"https:\/\/www.o-p-i.fr\/parlonsen\/wp-json\/wp\/v2\/media?parent=53729"}],"wp:term":[{"taxonomy":"category","embeddable":true,"href":"https:\/\/www.o-p-i.fr\/parlonsen\/wp-json\/wp\/v2\/categories?post=53729"},{"taxonomy":"post_tag","embeddable":true,"href":"https:\/\/www.o-p-i.fr\/parlonsen\/wp-json\/wp\/v2\/tags?post=53729"}],"curies":[{"name":"wp","href":"https:\/\/api.w.org\/{rel}","templated":true}]}}