{"id":53748,"date":"2023-03-03T03:12:07","date_gmt":"2023-03-03T02:12:07","guid":{"rendered":"https:\/\/www.o-p-i.fr\/parlonsen\/?p=53748"},"modified":"2023-03-03T03:12:07","modified_gmt":"2023-03-03T02:12:07","slug":"contes-pour-rire-a-salvagnac81","status":"publish","type":"post","link":"https:\/\/www.o-p-i.fr\/parlonsen\/localisation\/au-pays-des-tescous\/salvagnac\/contes-pour-rire-a-salvagnac81\/","title":{"rendered":"Contes pour rire &#8230;\u00e0 Salvagnac(81)"},"content":{"rendered":"<p><strong>Dimanche 12 mars 2023<\/strong> \u00e0 16 heures \u00e0 L&rsquo;Ecrin.<!--more--><\/p>\n<p><img data-recalc-dims=\"1\" loading=\"lazy\" decoding=\"async\" class=\"aligncenter size-full wp-image-53749\" src=\"https:\/\/i0.wp.com\/www.o-p-i.fr\/parlonsen\/wp-content\/uploads\/conte-Salva.jpg?resize=624%2C883&#038;ssl=1\" alt=\"\" width=\"624\" height=\"883\" srcset=\"https:\/\/i0.wp.com\/www.o-p-i.fr\/parlonsen\/wp-content\/uploads\/conte-Salva.jpg?w=624&amp;ssl=1 624w, https:\/\/i0.wp.com\/www.o-p-i.fr\/parlonsen\/wp-content\/uploads\/conte-Salva.jpg?resize=212%2C300&amp;ssl=1 212w, https:\/\/i0.wp.com\/www.o-p-i.fr\/parlonsen\/wp-content\/uploads\/conte-Salva.jpg?resize=400%2C566&amp;ssl=1 400w, https:\/\/i0.wp.com\/www.o-p-i.fr\/parlonsen\/wp-content\/uploads\/conte-Salva.jpg?resize=430%2C608&amp;ssl=1 430w, https:\/\/i0.wp.com\/www.o-p-i.fr\/parlonsen\/wp-content\/uploads\/conte-Salva.jpg?resize=150%2C212&amp;ssl=1 150w, https:\/\/i0.wp.com\/www.o-p-i.fr\/parlonsen\/wp-content\/uploads\/conte-Salva.jpg?resize=100%2C142&amp;ssl=1 100w\" sizes=\"auto, (max-width: 624px) 100vw, 624px\" \/><\/p>\n<p>Dans le cadre de \u00ab\u00a0CA CONTE A SALVA\u00a0\u00bb L&rsquo;association Karavane en partenariat avec l&rsquo;association les M\u00e9m\u00e8res sont heureuses de vous proposer un conte familial avec COLETTE MIGNE<\/p>\n<p>Conteuse clown. Voil\u00e0 ce qu&rsquo;est Colette Mign\u00e9 ! Avec ses \u00ab\u00a0Contes pour rire\u00a0\u00bb, elle entra\u00eene les petits et grands dans un monde de rires et d&rsquo;amusement. D\u00e8s 6 ans.<\/p>\n<p><strong>D\u00e9rapages incontr\u00f4l\u00e9s<\/strong><br \/>\nA chaque fois c&rsquo;est pareil : Colette commence bien, elle \u00ab\u00a0raconte droit\u00a0\u00bb, ne fait pas d&rsquo;histoire. Puis tr\u00e8s vite, le naturel prend le dessus.<\/p>\n<p>Elle vire, d\u00e9rape et perd le contr\u00f4le !<\/p>\n<p>La litt\u00e9rature est tout ce qu&rsquo;il y a de plus amusant avec Colette. Elle r\u00e9veille les zygomatiques des petits et chasse la d\u00e9prime auditive.<\/p>\n<p>Un moment de d\u00e9tente.<\/p>\n<p><img data-recalc-dims=\"1\" loading=\"lazy\" decoding=\"async\" class=\"alignleft size-full wp-image-48506\" src=\"https:\/\/i0.wp.com\/www.o-p-i.fr\/parlonsen\/wp-content\/uploads\/KARAVANE-logo.jpg?resize=227%2C99&#038;ssl=1\" alt=\"\" width=\"227\" height=\"99\" srcset=\"https:\/\/i0.wp.com\/www.o-p-i.fr\/parlonsen\/wp-content\/uploads\/KARAVANE-logo.jpg?w=227&amp;ssl=1 227w, https:\/\/i0.wp.com\/www.o-p-i.fr\/parlonsen\/wp-content\/uploads\/KARAVANE-logo.jpg?resize=150%2C65&amp;ssl=1 150w, https:\/\/i0.wp.com\/www.o-p-i.fr\/parlonsen\/wp-content\/uploads\/KARAVANE-logo.jpg?resize=100%2C44&amp;ssl=1 100w\" sizes=\"auto, (max-width: 227px) 100vw, 227px\" \/><\/p>\n<p>ASSOCIATION KARAVANE<\/p>\n<p><em>Information communiqu\u00e9e par R\u00e9gine CLARETY<\/em><\/p>\n<p><a href=\"http:\/\/www.o-p-i.fr\/parlonsen\/agenda\/\">Retrouvez tous les \u00e9v\u00e9nements dans l&rsquo;agenda !<\/a><\/p>\n","protected":false},"excerpt":{"rendered":"<div class=\"mh-excerpt\">Dimanche 12 mars 2023 \u00e0 16 heures \u00e0 L&rsquo;Ecrin.<\/div>\n","protected":false},"author":4,"featured_media":0,"comment_status":"open","ping_status":"open","sticky":false,"template":"","format":"standard","meta":{"om_disable_all_campaigns":false,"advanced_seo_description":"","jetpack_seo_html_title":"","jetpack_seo_noindex":false,"_jetpack_memberships_contains_paid_content":false,"footnotes":"","_links_to":"","_links_to_target":""},"categories":[54,25,5128],"tags":[2548,4427,5223,5224],"class_list":{"0":"post-53748","1":"post","2":"type-post","3":"status-publish","4":"format-standard","6":"category-loisirs","7":"category-salvagnac","8":"category-n-204-mars-2023","9":"tag-salvagnac","10":"tag-lecrin","11":"tag-contes-pour-rire","12":"tag-colette-migne"},"jetpack_featured_media_url":"","views":{"total":0,"cached_at":"","cached_date":1738401770},"jetpack_likes_enabled":true,"jetpack_sharing_enabled":true,"jetpack_shortlink":"https:\/\/wp.me\/pg7Wxj-dYU","jetpack-related-posts":[],"_links":{"self":[{"href":"https:\/\/www.o-p-i.fr\/parlonsen\/wp-json\/wp\/v2\/posts\/53748","targetHints":{"allow":["GET"]}}],"collection":[{"href":"https:\/\/www.o-p-i.fr\/parlonsen\/wp-json\/wp\/v2\/posts"}],"about":[{"href":"https:\/\/www.o-p-i.fr\/parlonsen\/wp-json\/wp\/v2\/types\/post"}],"author":[{"embeddable":true,"href":"https:\/\/www.o-p-i.fr\/parlonsen\/wp-json\/wp\/v2\/users\/4"}],"replies":[{"embeddable":true,"href":"https:\/\/www.o-p-i.fr\/parlonsen\/wp-json\/wp\/v2\/comments?post=53748"}],"version-history":[{"count":0,"href":"https:\/\/www.o-p-i.fr\/parlonsen\/wp-json\/wp\/v2\/posts\/53748\/revisions"}],"wp:attachment":[{"href":"https:\/\/www.o-p-i.fr\/parlonsen\/wp-json\/wp\/v2\/media?parent=53748"}],"wp:term":[{"taxonomy":"category","embeddable":true,"href":"https:\/\/www.o-p-i.fr\/parlonsen\/wp-json\/wp\/v2\/categories?post=53748"},{"taxonomy":"post_tag","embeddable":true,"href":"https:\/\/www.o-p-i.fr\/parlonsen\/wp-json\/wp\/v2\/tags?post=53748"}],"curies":[{"name":"wp","href":"https:\/\/api.w.org\/{rel}","templated":true}]}}