{"id":5376,"date":"2010-10-06T22:02:17","date_gmt":"2010-10-06T20:02:17","guid":{"rendered":"\/parlonsen\/?p=5376"},"modified":"2011-07-21T09:29:07","modified_gmt":"2011-07-21T07:29:07","slug":"internet-et-vous-merci","status":"publish","type":"post","link":"https:\/\/www.o-p-i.fr\/parlonsen\/parlons-en\/pratique\/internet-et-vous-merci\/","title":{"rendered":"Internet et vous, merci&#8230;"},"content":{"rendered":"<p style=\"text-align: justify;\">&#8230; merci \u00e0 tous ceux qui ont r\u00e9pondu \u00e0 notre double sollicitation. <!--more-->Nous vous avons\u00a0mis \u00e0 contribution\u00a0pour r\u00e9pondre \u00e0 l&rsquo;enqu\u00eate <strong>\u00ab\u00a0<\/strong><a title=\"cliquez pour revoir l'article\" href=\"https:\/\/www.o-p-i.fr\/parlonsen\/parlons-en\/culture\/enquete-internet-a-quoi-ca-vous-sert\/\" target=\"_blank\"><strong>Internet,\u00a0\u00e0 quoi \u00e7a\u00a0(vous) sert<\/strong><\/a><strong>\u00ab\u00a0.<\/strong> Les cinq jeunes du Bac Pro\u00a0 \u00ab\u00a0Services en Milieu Rural\u00a0\u00bb du Lyc\u00e9e professionnel \u00ab\u00a0Clair Foyer\u00a0\u00bb de Caussade(82) qui sont impliqu\u00e9s dans cette action\u00a0vous remercient. Vous avez \u00e9t\u00e9 nombreux \u00e0 consacrer un peu de votre temps \u00e0 remplir le\u00a0questionnaire qu&rsquo;ils vous ont propos\u00e9. Nous vous communiquerons les r\u00e9sultats de leur travail en novembre, apr\u00e8s qu&rsquo;ils aient pr\u00e9sent\u00e9 leur\u00a0apport de stage\u00a0\u00e0 l&rsquo;\u00e9quipe enseignante.<\/p>\n<p style=\"text-align: justify;\">Nous vous avons \u00e9galement sollicit\u00e9s\u00a0afin de nous aider \u00e0 comprendre pourquoi un certain nombre des destinataires de la lettre d&rsquo;information <strong><span style=\"color: #0000ff;\">\u00ab\u00a0PARLONS-EN\u00a0\u00bb<\/span><\/strong> ne la\u00a0 recevez plus. Vous avez \u00e9t\u00e9 nombreux \u00e0 r\u00e9pondre \u00e0 notre courriel. Vous avez \u00a0souvent, en plus de la r\u00e9ponse \u00ab\u00a0simple\u00a0\u00bb, ajout\u00e9\u00a0des mots d&rsquo;encouragement qui ont donn\u00e9 \u00e0 l&rsquo;\u00e9quipe d&rsquo;O.P.I.\u00a0envie d&rsquo;aller encore lus loin. Dans un premier temps, afin d&rsquo;\u00e9viter que votre lettre d&rsquo;information ne se perde dans les \u00ab\u00a0tuyaux\u00a0\u00bb, nous vous l&rsquo;adresserons par deux circuits diff\u00e9rents. Si vous la recevez en double exemplaires, vous voudrez bien nous en excuser, et nous le signaler en adressant un courriel \u00e0 <a href=\"mailto:contact@o-p-i.fr\">contact@o-p-i.fr<\/a>. Sachez \u00e9galement que vous pouvez vous d\u00e9sinscrire de la liste de diffusion en envoyant un bref message \u00e0 cette m\u00eame adresse.<\/p>\n<p style=\"text-align: justify;\">Cette exp\u00e9rience malheureuse nous est arriv\u00e9e car certains \u00ab\u00a0portails\u00a0\u00bb ont mis en place des dispositifs de blocage, de plus en plus d&rsquo;informations circulant par Internet et la messagerie \u00e9lectronique. Les professionnels du \u00ab\u00a0matraquage\u00a0\u00bb par <a title=\"En savoir +\" href=\"http:\/\/fr.wikipedia.org\/wiki\/Spam\" target=\"_blank\">SPAM<\/a> contournent tr\u00e8s souvent ces dispositifs. Nos envois ne s&rsquo;adressent qu&rsquo;\u00e0 des personnes qui ont manifest\u00e9 leur int\u00e9r\u00eat pour \u00eatre tenu au courant de ce qui se passe chez nous, au Pays des Tescou&rsquo;s. Le nombre grandissant des abonn\u00e9s \u00e0 la lettre de \u00ab\u00a0Parlons-en\u00a0\u00bb \u00e0 d\u00e9clench\u00e9 la r\u00e9action d&rsquo;un \u00ab\u00a0robot\u00a0\u00bb, d&rsquo;un filtre automatique qu&rsquo;il s&rsquo;agit maintenant de d\u00e9samorcer. Nous nous y employons et nous serons certainement conduit \u00e0 solliciter une derni\u00e8re fois la participation de certains d&rsquo;entre-vous, victimes de cette censure.<\/p>\n<p style=\"text-align: justify;\"><a href=\"https:\/\/i0.wp.com\/www.o-p-i.fr\/parlonsen\/wp-content\/uploads\/calif.jpg?ssl=1\"><img data-recalc-dims=\"1\" loading=\"lazy\" decoding=\"async\" class=\"alignright size-full wp-image-5390\" title=\"calif\" src=\"https:\/\/i0.wp.com\/www.o-p-i.fr\/parlonsen\/wp-content\/uploads\/calif.jpg?resize=365%2C147&#038;ssl=1\" alt=\"calif\" width=\"365\" height=\"147\" srcset=\"https:\/\/i0.wp.com\/www.o-p-i.fr\/parlonsen\/wp-content\/uploads\/calif.jpg?w=365&amp;ssl=1 365w, https:\/\/i0.wp.com\/www.o-p-i.fr\/parlonsen\/wp-content\/uploads\/calif.jpg?resize=300%2C120&amp;ssl=1 300w\" sizes=\"auto, (max-width: 365px) 100vw, 365px\" \/><\/a>Cette aventure conduit \u00e0 se poser la question de la fiabilit\u00e9 des informations qui circulent sur Internet. Car si \u00ab\u00a0on trouve tout sur Internet\u00a0\u00bb, comment \u00eatre sur que \u00ab\u00a0c&rsquo;est vrai\u00a0\u00bb. S&rsquo;il n&rsquo;y a pas de m\u00e9thode fiable \u00e0 100%, certaines pr\u00e9cautions sont tr\u00e8s utiles. Pour vous aider dans cette d\u00e9marche, le Centre R\u00e9gional Information Jeunesse et la R\u00e9gion Midi-Pyr\u00e9n\u00e9es\u00a0 ont mis en place le <strong><span style=\"color: #0000ff;\">CALIF <\/span><\/strong>(Certificat d&rsquo;Aptitude \u00e0 La recherche d&rsquo;Information Fiable sur internet.)<em><\/em><\/p>\n<p style=\"text-align: justify;\"><em>Le CALIF a \u00e9t\u00e9 con\u00e7u pour donner \u00e0 chacun la possibilit\u00e9 d&rsquo;am\u00e9liorer ses comp\u00e9tences en mati\u00e8re de recherche d&rsquo;information et d&rsquo;attitude critique et citoyenne vis-\u00e0-vis de l&rsquo;information trouv\u00e9e.<\/em><\/p>\n<p style=\"text-align: justify;\"><em>Le CALIF atteste de la capacit\u00e9 d&rsquo;un internaute \u00e0 :<br \/>\n<\/em><\/p>\n<ul>\n<li><em> trouver des informations sur internet et en \u00e9valuer la fiabilit\u00e9 et la pertinence<\/em><\/li>\n<\/ul>\n<ul>\n<li><em> utiliser de mani\u00e8re avis\u00e9e les diff\u00e9rents services sur internet<\/em><\/li>\n<\/ul>\n<ul>\n<li><em> conna\u00eetre les droits et devoirs de l&rsquo;internaute<\/em><\/li>\n<\/ul>\n<p style=\"text-align: justify;\"><em> Ce certificat gratuit, accessible \u00e0 tout public sachant d\u00e9j\u00e0 utiliser Internet, \u00a0est d\u00e9livr\u00e9 conjointement par la r\u00e9gion Midi-Pyr\u00e9n\u00e9es et le CRIJ Toulouse Midi-Pyr\u00e9n\u00e9es.<\/em><\/p>\n<p style=\"text-align: justify;\"><a href=\"https:\/\/i0.wp.com\/www.o-p-i.fr\/parlonsen\/wp-content\/uploads\/infojeunesse.jpg?ssl=1\"><img data-recalc-dims=\"1\" loading=\"lazy\" decoding=\"async\" class=\"size-full wp-image-5393 alignright\" title=\"infojeunesse\" src=\"https:\/\/i0.wp.com\/www.o-p-i.fr\/parlonsen\/wp-content\/uploads\/infojeunesse.jpg?resize=374%2C140&#038;ssl=1\" alt=\"infojeunesse\" width=\"374\" height=\"140\" srcset=\"https:\/\/i0.wp.com\/www.o-p-i.fr\/parlonsen\/wp-content\/uploads\/infojeunesse.jpg?w=374&amp;ssl=1 374w, https:\/\/i0.wp.com\/www.o-p-i.fr\/parlonsen\/wp-content\/uploads\/infojeunesse.jpg?resize=300%2C112&amp;ssl=1 300w\" sizes=\"auto, (max-width: 374px) 100vw, 374px\" \/><\/a>Ce certificat, au del\u00e0 des connaissances qu&rsquo;il vous apporte, est un plus sur votre C.V. et votre recherche d&#8217;emploi. Vous pouvez d\u00e9couvrir o\u00f9 pr\u00e9parer et passer les test de ce certificat en <a title=\"cliquez pour voir la liste des points CALIF\" href=\"http:\/\/notes.crij.org\/calif\/suivi.nsf\/(StructuresTABLE)?OpenView\" target=\"_blank\">cliquant ici<\/a><\/p>\n<p style=\"text-align: justify;\"><strong><span style=\"text-decoration: underline;\"><span style=\"color: #0000ff;\">Pr\u00e8s du Pays des Tescou&rsquo;s, on notera :<\/span><\/span><\/strong><\/p>\n<p style=\"text-align: justify;\"><span style=\"color: #0000ff;\">Le PIJ de Villemur sur Tarn<br \/>\n<\/span>Maisons mitoyennes<br \/>\nAvenue de la Gare<br \/>\n31340 Villemur sur Tarn<br \/>\nT\u00e9l. : 05 34 27 06 78\u00a0 (C\u00e9lia Robin)<\/p>\n<p style=\"text-align: justify;\"><span style=\"color: #0000ff;\">Le PIJ de N\u00e8grepelisse<br \/>\n<\/span>10 avenue Sadi Carnot<br \/>\n82800 N\u00e8grepelisse<br \/>\nT\u00e9l. : 05 63 30 95 25 (V\u00e9ronique)<\/p>\n<p style=\"text-align: justify;\"><a title=\"cliquez pour voir le site du BIJ de Montauban\" href=\"http:\/\/www.bij82.fr\/bij82\/index.php\" target=\"_blank\"><strong>Le BIJ de Montauban<\/strong><\/a><strong> <\/strong>:<br \/>\n6, passage Marcel Semezi\u00e8s<br \/>\n82000 &#8211; Montauban<br \/>\nT\u00e9l. : 05 63 66 32 12<\/p>\n","protected":false},"excerpt":{"rendered":"<div class=\"mh-excerpt\">&#8230; merci \u00e0 tous ceux qui ont r\u00e9pondu \u00e0 notre double sollicitation.<\/div>\n","protected":false},"author":4,"featured_media":0,"comment_status":"open","ping_status":"open","sticky":false,"template":"","format":"standard","meta":{"om_disable_all_campaigns":false,"advanced_seo_description":"","jetpack_seo_html_title":"","jetpack_seo_noindex":false,"_jetpack_memberships_contains_paid_content":false,"footnotes":"","_links_to":"","_links_to_target":""},"categories":[23,42,6,708],"tags":[300,335,533,559,718],"class_list":{"0":"post-5376","1":"post","2":"type-post","3":"status-publish","4":"format-standard","6":"category-au-dela-du-pays","7":"category-a-cote-de-chez-nous","8":"category-pratique","9":"category-n54-octobre-2010","10":"tag-internet","11":"tag-pij","12":"tag-web","13":"tag-enquete","14":"tag-calif"},"jetpack_featured_media_url":"","views":{"total":0,"cached_at":"","cached_date":1738472393},"jetpack_likes_enabled":true,"jetpack_sharing_enabled":true,"jetpack_shortlink":"https:\/\/wp.me\/pg7Wxj-1oI","jetpack-related-posts":[],"_links":{"self":[{"href":"https:\/\/www.o-p-i.fr\/parlonsen\/wp-json\/wp\/v2\/posts\/5376","targetHints":{"allow":["GET"]}}],"collection":[{"href":"https:\/\/www.o-p-i.fr\/parlonsen\/wp-json\/wp\/v2\/posts"}],"about":[{"href":"https:\/\/www.o-p-i.fr\/parlonsen\/wp-json\/wp\/v2\/types\/post"}],"author":[{"embeddable":true,"href":"https:\/\/www.o-p-i.fr\/parlonsen\/wp-json\/wp\/v2\/users\/4"}],"replies":[{"embeddable":true,"href":"https:\/\/www.o-p-i.fr\/parlonsen\/wp-json\/wp\/v2\/comments?post=5376"}],"version-history":[{"count":0,"href":"https:\/\/www.o-p-i.fr\/parlonsen\/wp-json\/wp\/v2\/posts\/5376\/revisions"}],"wp:attachment":[{"href":"https:\/\/www.o-p-i.fr\/parlonsen\/wp-json\/wp\/v2\/media?parent=5376"}],"wp:term":[{"taxonomy":"category","embeddable":true,"href":"https:\/\/www.o-p-i.fr\/parlonsen\/wp-json\/wp\/v2\/categories?post=5376"},{"taxonomy":"post_tag","embeddable":true,"href":"https:\/\/www.o-p-i.fr\/parlonsen\/wp-json\/wp\/v2\/tags?post=5376"}],"curies":[{"name":"wp","href":"https:\/\/api.w.org\/{rel}","templated":true}]}}