{"id":53832,"date":"2023-03-16T11:29:13","date_gmt":"2023-03-16T10:29:13","guid":{"rendered":"https:\/\/www.o-p-i.fr\/parlonsen\/?p=53832"},"modified":"2023-03-19T13:26:25","modified_gmt":"2023-03-19T12:26:25","slug":"carnaval-familles-rurales-a-monclar-de-quercy82","status":"publish","type":"post","link":"https:\/\/www.o-p-i.fr\/parlonsen\/localisation\/au-pays-des-tescous\/monclar\/carnaval-familles-rurales-a-monclar-de-quercy82\/","title":{"rendered":"Carnaval Familles Rurales&#8230;\u00e0 Monclar de Quercy(82)"},"content":{"rendered":"<p><strong>Samedi 1er avril 2023<\/strong>, de 13h. \u00e0 17h.30, esplanade des lacs.<!--more--><\/p>\n<p><img data-recalc-dims=\"1\" loading=\"lazy\" decoding=\"async\" class=\"aligncenter size-full wp-image-53837\" src=\"https:\/\/i0.wp.com\/www.o-p-i.fr\/parlonsen\/wp-content\/uploads\/carnaval-monclar.jpg?resize=624%2C883&#038;ssl=1\" alt=\"\" width=\"624\" height=\"883\" srcset=\"https:\/\/i0.wp.com\/www.o-p-i.fr\/parlonsen\/wp-content\/uploads\/carnaval-monclar.jpg?w=624&amp;ssl=1 624w, https:\/\/i0.wp.com\/www.o-p-i.fr\/parlonsen\/wp-content\/uploads\/carnaval-monclar.jpg?resize=212%2C300&amp;ssl=1 212w, https:\/\/i0.wp.com\/www.o-p-i.fr\/parlonsen\/wp-content\/uploads\/carnaval-monclar.jpg?resize=400%2C566&amp;ssl=1 400w, https:\/\/i0.wp.com\/www.o-p-i.fr\/parlonsen\/wp-content\/uploads\/carnaval-monclar.jpg?resize=430%2C608&amp;ssl=1 430w, https:\/\/i0.wp.com\/www.o-p-i.fr\/parlonsen\/wp-content\/uploads\/carnaval-monclar.jpg?resize=150%2C212&amp;ssl=1 150w, https:\/\/i0.wp.com\/www.o-p-i.fr\/parlonsen\/wp-content\/uploads\/carnaval-monclar.jpg?resize=100%2C142&amp;ssl=1 100w\" sizes=\"auto, (max-width: 624px) 100vw, 624px\" \/><\/p>\n<p><strong>Carnaval Familles Rurales Monclar de Quercy<\/strong><br \/>\nApr\u00e8s trois ans d&rsquo;annulation, le Carnaval revient \u00e0 Monclar de Quercy le Samedi 1er Avril 2023 \u00e0 l&rsquo;Esplanade du lac.<br \/>\nAu programme: Maquillage, D\u00e9fil\u00e9 avec la Batucada, Vente de cr\u00eapes, Proc\u00e8s de Monsieur Carnaval et Tirage de Tombola.<br \/>\nLe carnaval rassemble petits et grands pour c\u00e9l\u00e9brer la fin de l&rsquo;hiver autour de d\u00e9guisements, de parades et d&rsquo;une journ\u00e9e festive.<\/p>\n<ul>\n<li>Date de l&rsquo;\u00e9v\u00e9nement : samedi 1er avril 2023<\/li>\n<li>Horaires : 13h.\u00e0 17h.30<\/li>\n<li>Pour y aller : Esplanade des lacs, 82230-Monclar de Querc<\/li>\n<li>Organisateur : Familles Rurales de Monclar de Quercy<\/li>\n<li>Contact : Familles Rurales<br \/>\n2 rue des Chataignes<br \/>\n82230-Monclar de Quercy<br \/>\nT\u00e9l. :0563264896<br \/>\nCourriel : <a href=\"mailto:centre-social.monclar@famillesrurales.org\" target=\"_blank\" rel=\"noopener\">centre-social.monclar@famillesrurales.org<\/a><\/li>\n<\/ul>\n<p><em>Information communiqu\u00e9e par Alexis LEVAYER\u00a0<\/em><\/p>\n<p><a href=\"http:\/\/www.o-p-i.fr\/parlonsen\/agenda\/\">Retrouvez tous les \u00e9v\u00e9nements dans l&rsquo;agenda !<\/a><\/p>\n","protected":false},"excerpt":{"rendered":"<div class=\"mh-excerpt\">Samedi 1er avril 2023, de 13h. \u00e0 17h.30, esplanade des lacs.<\/div>\n","protected":false},"author":4,"featured_media":0,"comment_status":"open","ping_status":"open","sticky":false,"template":"","format":"standard","meta":{"om_disable_all_campaigns":false,"advanced_seo_description":"","jetpack_seo_html_title":"","jetpack_seo_noindex":false,"_jetpack_memberships_contains_paid_content":false,"footnotes":"","_links_to":"","_links_to_target":""},"categories":[52,16,54,5129],"tags":[3780,143,2572,917,1298,2072],"class_list":{"0":"post-53832","1":"post","2":"type-post","3":"status-publish","4":"format-standard","6":"category-parlons-en","7":"category-monclar","8":"category-loisirs","9":"category-n-205-avril-2023","10":"tag-familles-rurales-de-monclar-de-quercy","11":"tag-monclar-de-quercy","12":"tag-carnaval","13":"tag-batucada","14":"tag-maquillage","15":"tag-tombola"},"jetpack_featured_media_url":"","views":{"total":0,"cached_at":"","cached_date":1738466751},"jetpack_likes_enabled":true,"jetpack_sharing_enabled":true,"jetpack_shortlink":"https:\/\/wp.me\/pg7Wxj-e0g","jetpack-related-posts":[],"_links":{"self":[{"href":"https:\/\/www.o-p-i.fr\/parlonsen\/wp-json\/wp\/v2\/posts\/53832","targetHints":{"allow":["GET"]}}],"collection":[{"href":"https:\/\/www.o-p-i.fr\/parlonsen\/wp-json\/wp\/v2\/posts"}],"about":[{"href":"https:\/\/www.o-p-i.fr\/parlonsen\/wp-json\/wp\/v2\/types\/post"}],"author":[{"embeddable":true,"href":"https:\/\/www.o-p-i.fr\/parlonsen\/wp-json\/wp\/v2\/users\/4"}],"replies":[{"embeddable":true,"href":"https:\/\/www.o-p-i.fr\/parlonsen\/wp-json\/wp\/v2\/comments?post=53832"}],"version-history":[{"count":0,"href":"https:\/\/www.o-p-i.fr\/parlonsen\/wp-json\/wp\/v2\/posts\/53832\/revisions"}],"wp:attachment":[{"href":"https:\/\/www.o-p-i.fr\/parlonsen\/wp-json\/wp\/v2\/media?parent=53832"}],"wp:term":[{"taxonomy":"category","embeddable":true,"href":"https:\/\/www.o-p-i.fr\/parlonsen\/wp-json\/wp\/v2\/categories?post=53832"},{"taxonomy":"post_tag","embeddable":true,"href":"https:\/\/www.o-p-i.fr\/parlonsen\/wp-json\/wp\/v2\/tags?post=53832"}],"curies":[{"name":"wp","href":"https:\/\/api.w.org\/{rel}","templated":true}]}}