{"id":53841,"date":"2023-03-16T16:38:05","date_gmt":"2023-03-16T15:38:05","guid":{"rendered":"https:\/\/www.o-p-i.fr\/parlonsen\/?p=53841"},"modified":"2023-03-16T17:11:37","modified_gmt":"2023-03-16T16:11:37","slug":"granita-et-le-bazar-des-emotions-a-les-cabannes-cordes-sur-ciel-81","status":"publish","type":"post","link":"https:\/\/www.o-p-i.fr\/parlonsen\/parlons-en\/culture\/granita-et-le-bazar-des-emotions-a-les-cabannes-cordes-sur-ciel-81\/","title":{"rendered":"\u00ab\u00a0Granita et le bazar des \u00e9motions &#8230;\u00e0 Les Cabannes\/Cordes sur Ciel (81)"},"content":{"rendered":"<p><strong>Dimanche 26 mars 2023<\/strong>, \u00e0 17h30 au Colombier. <!--more--><\/p>\n<p><img data-recalc-dims=\"1\" loading=\"lazy\" decoding=\"async\" class=\"alignright size-full wp-image-53842\" src=\"https:\/\/i0.wp.com\/www.o-p-i.fr\/parlonsen\/wp-content\/uploads\/Granita.jpg?resize=425%2C355&#038;ssl=1\" alt=\"\" width=\"425\" height=\"355\" srcset=\"https:\/\/i0.wp.com\/www.o-p-i.fr\/parlonsen\/wp-content\/uploads\/Granita.jpg?w=425&amp;ssl=1 425w, https:\/\/i0.wp.com\/www.o-p-i.fr\/parlonsen\/wp-content\/uploads\/Granita.jpg?resize=300%2C251&amp;ssl=1 300w, https:\/\/i0.wp.com\/www.o-p-i.fr\/parlonsen\/wp-content\/uploads\/Granita.jpg?resize=400%2C334&amp;ssl=1 400w, https:\/\/i0.wp.com\/www.o-p-i.fr\/parlonsen\/wp-content\/uploads\/Granita.jpg?resize=150%2C125&amp;ssl=1 150w, https:\/\/i0.wp.com\/www.o-p-i.fr\/parlonsen\/wp-content\/uploads\/Granita.jpg?resize=100%2C84&amp;ssl=1 100w\" sizes=\"auto, (max-width: 425px) 100vw, 425px\" \/><br \/>\nGRANITA et le bazar des \u00e9motions par la Compagnie Ordinaire Extra<\/p>\n<p>FABLE POETIQUE Spectacle de sortie de r\u00e9sidence<\/p>\n<p>Granita est une petite fille qui, comme nous tous, essaie de comprendre, de g\u00e9rer ses \u00e9motions. Elle tente de tailler son chemin \u00e0 travers son histoire et cherche \u00e0 \u00abreforester\u00bb la for\u00eat de son enfance&#8230;<\/p>\n<p>Beaucoup de fra\u00eecheur et de vivacit\u00e9 dans cette exploration onirique o\u00f9 le d\u00e9cor que Granita va parcourir et d\u00e9couvrir avec joie, candeur et gravit\u00e9, est un livre g\u00e9ant comme la Vie.<\/p>\n<p>Une belle pr\u00e9sence simple de Giovanna, com\u00e9dienne nourrie par une formation de clowne-circassienne et soutenue sur sc\u00e8ne par la ponctuation d\u00e9licate de la musique et des bruitages de Quentin.<\/p>\n<p>A d\u00e9couvrir en famille !<\/p>\n<p>Giovanna Merlin : Com\u00e9dienne, circassienne, \u00e9criture et d\u00e9cor<br \/>\nQuentin Daniel : Univers musical<br \/>\nSarah Carlini : Mise en sc\u00e8ne<br \/>\nFran\u00e7oise Lannes et Andr\u00e9-Pierre Olivier : Livre pop-up<\/p>\n<p>\u00c0 partir de 3 ans \u2022 Dur\u00e9e : 45 min<\/p>\n<p>Tarifs : 10 \u20ac \/ 8 \u20ac \/ 4 \u20ac<\/p>\n<p><img data-recalc-dims=\"1\" loading=\"lazy\" decoding=\"async\" class=\"alignleft size-full wp-image-45384\" src=\"https:\/\/i0.wp.com\/www.o-p-i.fr\/parlonsen\/wp-content\/uploads\/le-colombier.jpg?resize=170%2C170&#038;ssl=1\" alt=\"\" width=\"170\" height=\"170\" srcset=\"https:\/\/i0.wp.com\/www.o-p-i.fr\/parlonsen\/wp-content\/uploads\/le-colombier.jpg?w=170&amp;ssl=1 170w, https:\/\/i0.wp.com\/www.o-p-i.fr\/parlonsen\/wp-content\/uploads\/le-colombier.jpg?resize=150%2C150&amp;ssl=1 150w\" sizes=\"auto, (max-width: 170px) 100vw, 170px\" \/><\/p>\n<p><strong>Th\u00e9\u00e2tre Le Colombier<\/strong><br \/>\n8 rue des Tanneries<br \/>\n81170 Les Cabannes &#8211; Cordes sur Ciel<br \/>\n07 83 26 33 11 &#8211; contact@theatrelecolombier.fr<br \/>\nwww.theatrelecolombier<\/p>\n<p>Information communiqu\u00e9e par \u00ab\u00a0Le Colombier\u00a0\u00bb<\/p>\n<p><a href=\"http:\/\/www.o-p-i.fr\/parlonsen\/agenda\/\">Retrouvez tous les \u00e9v\u00e9nements dans l&rsquo;agenda !<\/a><\/p>\n<p>&nbsp;<\/p>\n","protected":false},"excerpt":{"rendered":"<div class=\"mh-excerpt\">Dimanche 26 mars 2023, \u00e0 17h30 au Colombier.<\/div>\n","protected":false},"author":4,"featured_media":0,"comment_status":"open","ping_status":"open","sticky":false,"template":"","format":"standard","meta":{"om_disable_all_campaigns":false,"advanced_seo_description":"","jetpack_seo_html_title":"","jetpack_seo_noindex":false,"_jetpack_memberships_contains_paid_content":false,"footnotes":"","_links_to":"","_links_to_target":""},"categories":[42,1,54,5128],"tags":[3055,4942,5232],"class_list":{"0":"post-53841","1":"post","2":"type-post","3":"status-publish","4":"format-standard","6":"category-a-cote-de-chez-nous","7":"category-culture","8":"category-loisirs","9":"category-n-204-mars-2023","10":"tag-theatre-le-colombier","11":"tag-les-cabannes-cordes-sur-ciel","12":"tag-fable-poetique"},"jetpack_featured_media_url":"","views":{"total":2,"cached_at":"","cached_date":1738463775},"jetpack_likes_enabled":true,"jetpack_sharing_enabled":true,"jetpack_shortlink":"https:\/\/wp.me\/pg7Wxj-e0p","jetpack-related-posts":[],"_links":{"self":[{"href":"https:\/\/www.o-p-i.fr\/parlonsen\/wp-json\/wp\/v2\/posts\/53841","targetHints":{"allow":["GET"]}}],"collection":[{"href":"https:\/\/www.o-p-i.fr\/parlonsen\/wp-json\/wp\/v2\/posts"}],"about":[{"href":"https:\/\/www.o-p-i.fr\/parlonsen\/wp-json\/wp\/v2\/types\/post"}],"author":[{"embeddable":true,"href":"https:\/\/www.o-p-i.fr\/parlonsen\/wp-json\/wp\/v2\/users\/4"}],"replies":[{"embeddable":true,"href":"https:\/\/www.o-p-i.fr\/parlonsen\/wp-json\/wp\/v2\/comments?post=53841"}],"version-history":[{"count":0,"href":"https:\/\/www.o-p-i.fr\/parlonsen\/wp-json\/wp\/v2\/posts\/53841\/revisions"}],"wp:attachment":[{"href":"https:\/\/www.o-p-i.fr\/parlonsen\/wp-json\/wp\/v2\/media?parent=53841"}],"wp:term":[{"taxonomy":"category","embeddable":true,"href":"https:\/\/www.o-p-i.fr\/parlonsen\/wp-json\/wp\/v2\/categories?post=53841"},{"taxonomy":"post_tag","embeddable":true,"href":"https:\/\/www.o-p-i.fr\/parlonsen\/wp-json\/wp\/v2\/tags?post=53841"}],"curies":[{"name":"wp","href":"https:\/\/api.w.org\/{rel}","templated":true}]}}