{"id":53919,"date":"2023-03-20T19:45:15","date_gmt":"2023-03-20T18:45:15","guid":{"rendered":"https:\/\/www.o-p-i.fr\/parlonsen\/?p=53919"},"modified":"2023-03-20T19:45:15","modified_gmt":"2023-03-20T18:45:15","slug":"moliere-ou-la-danse-des-ombres-a-montauban-82","status":"publish","type":"post","link":"https:\/\/www.o-p-i.fr\/parlonsen\/parlons-en\/culture\/moliere-ou-la-danse-des-ombres-a-montauban-82\/","title":{"rendered":"Moli\u00e8re ou la danse des ombres&#8230; \u00e0 Montauban (82)"},"content":{"rendered":"<p><strong>Samedi 25 mars 2023<\/strong> \u00e0 21h, th\u00e9\u00e2tre de l&rsquo;Embellie. <!--more--><strong>Moli\u00e8re ou la danse des ombres<\/strong> par la Compagnie KlioPthalie<\/p>\n<p><strong>Com\u00e9die historique &#8211;<\/strong><br \/>\nNous sommes le 17 f\u00e9vrier 1673, Jean-Baptiste Poquelin dit Moli\u00e8re vit ses derniers instants&#8230; Ces quelques minutes o\u00f9 les visages et les souvenirs se m\u00e9langent, o\u00f9 les fant\u00f4mes reviennent. Moli\u00e8re voyage dans les m\u00e9andres de ses souvenirs, ses \u00e9crits se m\u00ealent \u00e0 sa vie, il revit ses combats, ses amours au travers de ses personnages dans un d\u00e9fil\u00e9 incessant jusqu&rsquo;\u00e0 son dernier souffle.<\/p>\n<p>Plein tarif 15\u20ac &#8211; Tarif r\u00e9duit 12\u20ac \u2013 Tarif mini 10\u20ac &#8211; Gratuit -6 ans<\/p>\n<p><img data-recalc-dims=\"1\" loading=\"lazy\" decoding=\"async\" class=\"aligncenter size-full wp-image-53920\" src=\"https:\/\/i0.wp.com\/www.o-p-i.fr\/parlonsen\/wp-content\/uploads\/moliere.jpg?resize=624%2C624&#038;ssl=1\" alt=\"\" width=\"624\" height=\"624\" srcset=\"https:\/\/i0.wp.com\/www.o-p-i.fr\/parlonsen\/wp-content\/uploads\/moliere.jpg?w=624&amp;ssl=1 624w, https:\/\/i0.wp.com\/www.o-p-i.fr\/parlonsen\/wp-content\/uploads\/moliere.jpg?resize=300%2C300&amp;ssl=1 300w, https:\/\/i0.wp.com\/www.o-p-i.fr\/parlonsen\/wp-content\/uploads\/moliere.jpg?resize=150%2C150&amp;ssl=1 150w, https:\/\/i0.wp.com\/www.o-p-i.fr\/parlonsen\/wp-content\/uploads\/moliere.jpg?resize=400%2C400&amp;ssl=1 400w, https:\/\/i0.wp.com\/www.o-p-i.fr\/parlonsen\/wp-content\/uploads\/moliere.jpg?resize=430%2C430&amp;ssl=1 430w, https:\/\/i0.wp.com\/www.o-p-i.fr\/parlonsen\/wp-content\/uploads\/moliere.jpg?resize=100%2C100&amp;ssl=1 100w\" sizes=\"auto, (max-width: 624px) 100vw, 624px\" \/><\/p>\n<p>&nbsp;<\/p>\n<figure id=\"attachment_18509\" aria-describedby=\"caption-attachment-18509\" style=\"width: 300px\" class=\"wp-caption alignleft\"><img data-recalc-dims=\"1\" loading=\"lazy\" decoding=\"async\" class=\"wp-image-18509 size-medium\" src=\"https:\/\/i0.wp.com\/www.o-p-i.fr\/parlonsen\/wp-content\/uploads\/theatredelembellie.jpg?resize=300%2C110&#038;ssl=1\" alt=\"\" width=\"300\" height=\"110\" srcset=\"https:\/\/i0.wp.com\/www.o-p-i.fr\/parlonsen\/wp-content\/uploads\/theatredelembellie.jpg?resize=300%2C110&amp;ssl=1 300w, https:\/\/i0.wp.com\/www.o-p-i.fr\/parlonsen\/wp-content\/uploads\/theatredelembellie.jpg?w=600&amp;ssl=1 600w\" sizes=\"auto, (max-width: 300px) 100vw, 300px\" \/><figcaption id=\"caption-attachment-18509\" class=\"wp-caption-text\">Th\u00e9\u00e2tre de l&rsquo;Embellie &#8211; Montauban (82)<\/figcaption><\/figure>\n<p><strong>THEATRE DE L&rsquo;EMBELLIE &#8211;<\/strong><br \/>\n840 avenue de Bordeaux \u00e0 Montauban &#8211;<br \/>\n05 63 91 96 20<br \/>\nLicences cat\u00e9gorie 1 : L-R-20-9678 &#8211; cat\u00e9gorie 3 : L-R-20-9708<\/p>\n<p><em>Information communiqu\u00e9e par Chantal BEGHIN<\/em><\/p>\n<p><a href=\"http:\/\/www.o-p-i.fr\/parlonsen\/agenda\/\">Retrouvez tous les \u00e9v\u00e9nements dans l&rsquo;agenda !<\/a><\/p>\n","protected":false},"excerpt":{"rendered":"<div class=\"mh-excerpt\">Samedi 25 mars 2023 \u00e0 21h, th\u00e9\u00e2tre de l&rsquo;Embellie.<\/div>\n","protected":false},"author":4,"featured_media":0,"comment_status":"open","ping_status":"open","sticky":false,"template":"","format":"standard","meta":{"om_disable_all_campaigns":false,"advanced_seo_description":"","jetpack_seo_html_title":"","jetpack_seo_noindex":false,"_jetpack_memberships_contains_paid_content":false,"footnotes":"","_links_to":"","_links_to_target":""},"categories":[42,1,54,5128],"tags":[99,2736,5247,5248,5249,5250],"class_list":{"0":"post-53919","1":"post","2":"type-post","3":"status-publish","4":"format-standard","6":"category-a-cote-de-chez-nous","7":"category-culture","8":"category-loisirs","9":"category-n-204-mars-2023","10":"tag-montauban","11":"tag-theatre-de-lembellie","12":"tag-jean-baptiste-poquelin","13":"tag-anthony-carter","14":"tag-mathilde-ramade","15":"tag-comedie-historique"},"jetpack_featured_media_url":"","views":{"total":0,"cached_at":"","cached_date":1738180853},"jetpack_likes_enabled":true,"jetpack_sharing_enabled":true,"jetpack_shortlink":"https:\/\/wp.me\/pg7Wxj-e1F","jetpack-related-posts":[],"_links":{"self":[{"href":"https:\/\/www.o-p-i.fr\/parlonsen\/wp-json\/wp\/v2\/posts\/53919","targetHints":{"allow":["GET"]}}],"collection":[{"href":"https:\/\/www.o-p-i.fr\/parlonsen\/wp-json\/wp\/v2\/posts"}],"about":[{"href":"https:\/\/www.o-p-i.fr\/parlonsen\/wp-json\/wp\/v2\/types\/post"}],"author":[{"embeddable":true,"href":"https:\/\/www.o-p-i.fr\/parlonsen\/wp-json\/wp\/v2\/users\/4"}],"replies":[{"embeddable":true,"href":"https:\/\/www.o-p-i.fr\/parlonsen\/wp-json\/wp\/v2\/comments?post=53919"}],"version-history":[{"count":0,"href":"https:\/\/www.o-p-i.fr\/parlonsen\/wp-json\/wp\/v2\/posts\/53919\/revisions"}],"wp:attachment":[{"href":"https:\/\/www.o-p-i.fr\/parlonsen\/wp-json\/wp\/v2\/media?parent=53919"}],"wp:term":[{"taxonomy":"category","embeddable":true,"href":"https:\/\/www.o-p-i.fr\/parlonsen\/wp-json\/wp\/v2\/categories?post=53919"},{"taxonomy":"post_tag","embeddable":true,"href":"https:\/\/www.o-p-i.fr\/parlonsen\/wp-json\/wp\/v2\/tags?post=53919"}],"curies":[{"name":"wp","href":"https:\/\/api.w.org\/{rel}","templated":true}]}}