{"id":54096,"date":"2023-04-06T16:42:17","date_gmt":"2023-04-06T15:42:17","guid":{"rendered":"https:\/\/www.o-p-i.fr\/parlonsen\/?p=54096"},"modified":"2023-04-06T16:56:08","modified_gmt":"2023-04-06T15:56:08","slug":"concert-ablaye-cissoko-et-cyrille-brotto-a-les-cabannes-cordes-sur-ciel-81","status":"publish","type":"post","link":"https:\/\/www.o-p-i.fr\/parlonsen\/parlons-en\/culture\/concert-ablaye-cissoko-et-cyrille-brotto-a-les-cabannes-cordes-sur-ciel-81\/","title":{"rendered":"Concert Ablaye CISSOKO et Cyrille BROTTO&#8230; \u00e0 Les Cabannes\/Cordes sur Ciel (81)"},"content":{"rendered":"<p style=\"text-align: left;\"><strong>Samedi 8 avril 20023<\/strong>, \u00e0 20h30, th\u00e9\u00e2tre Le Colombier. <!--more--><br \/>\n<img data-recalc-dims=\"1\" loading=\"lazy\" decoding=\"async\" class=\"alignright size-full wp-image-54098\" src=\"https:\/\/i0.wp.com\/www.o-p-i.fr\/parlonsen\/wp-content\/uploads\/cissoko_brotto.jpg?resize=425%2C425&#038;ssl=1\" alt=\"\" width=\"425\" height=\"425\" srcset=\"https:\/\/i0.wp.com\/www.o-p-i.fr\/parlonsen\/wp-content\/uploads\/cissoko_brotto.jpg?w=425&amp;ssl=1 425w, https:\/\/i0.wp.com\/www.o-p-i.fr\/parlonsen\/wp-content\/uploads\/cissoko_brotto.jpg?resize=300%2C300&amp;ssl=1 300w, https:\/\/i0.wp.com\/www.o-p-i.fr\/parlonsen\/wp-content\/uploads\/cissoko_brotto.jpg?resize=150%2C150&amp;ssl=1 150w, https:\/\/i0.wp.com\/www.o-p-i.fr\/parlonsen\/wp-content\/uploads\/cissoko_brotto.jpg?resize=400%2C400&amp;ssl=1 400w, https:\/\/i0.wp.com\/www.o-p-i.fr\/parlonsen\/wp-content\/uploads\/cissoko_brotto.jpg?resize=100%2C100&amp;ssl=1 100w\" sizes=\"auto, (max-width: 425px) 100vw, 425px\" \/><\/p>\n<p style=\"text-align: center;\"><strong>CONCERT Ablaye CISSOKO et Cyrille BROTTO\u00a0 Ma Case Prod<\/strong><\/p>\n<p>Une conversation entre deux instruments savants, comme si \u00ab\u00a0Am\u00e9lie Poulain\u00a0\u00bb nous envoyait une carte postale du S\u00e9n\u00e9gal. Ablaye Cissoko &amp; Cyrille Brotto nous entra\u00eenent dans un voyage spirituel et intimiste, une aventure humaine qui explore le spleen des d\u00e9racin\u00e9s, et explique pourquoi le monde ne tourne pas rond.<\/p>\n<p>Une musique d\u00e9licate et harmonieuse, comme touch\u00e9e par la gr\u00e2ce, de celles qui apaisent l&rsquo;esprit et inspirent les sens.<\/p>\n<p>Mais entre Ablaye Cissoko \u2013 d\u00e9j\u00e0 13 albums au compteur et des tourn\u00e9es internationales presque chaque ann\u00e9e depuis 15 ans \u2013 et Cyrille Brotto \u2013 figure bien connue de la musique traditionnelle en France -, c&rsquo;est beaucoup plus que de la musique : c&rsquo;est une histoire d&rsquo;amiti\u00e9 et de profond respect l&rsquo;un pour l&rsquo;autre, la rencontre in\u00e9dite entre deux instruments et entre deux artistes singuliers aux univers sans cesse renouvel\u00e9s !<\/p>\n<p>Une collaboration magistrale entre kora et accord\u00e9on, un bijou du d\u00e9but \u00e0 la fin !<\/p>\n<p>Dur\u00e9e : 1h30<\/p>\n<p>14 \u20ac \/ 12 \u20ac \/ 5 \u20ac<\/p>\n<div><strong><img data-recalc-dims=\"1\" loading=\"lazy\" decoding=\"async\" class=\"alignleft size-full wp-image-52132\" src=\"https:\/\/i0.wp.com\/www.o-p-i.fr\/parlonsen\/wp-content\/uploads\/Le-Colombier-logo.jpg?resize=283%2C62&#038;ssl=1\" alt=\"\" width=\"283\" height=\"62\" srcset=\"https:\/\/i0.wp.com\/www.o-p-i.fr\/parlonsen\/wp-content\/uploads\/Le-Colombier-logo.jpg?w=283&amp;ssl=1 283w, https:\/\/i0.wp.com\/www.o-p-i.fr\/parlonsen\/wp-content\/uploads\/Le-Colombier-logo.jpg?resize=150%2C33&amp;ssl=1 150w, https:\/\/i0.wp.com\/www.o-p-i.fr\/parlonsen\/wp-content\/uploads\/Le-Colombier-logo.jpg?resize=100%2C22&amp;ssl=1 100w\" sizes=\"auto, (max-width: 283px) 100vw, 283px\" \/>Th\u00e9\u00e2tre Le Colombier<\/strong><\/div>\n<div>8 rue des Tanneries<\/div>\n<div>81170 Les Cabannes &#8211; Cordes sur Ciel<br \/>\n07 83 26 33 11 &#8211; <a href=\"mailto:contact@theatrelecolombier.fr\" target=\"_blank\" rel=\"noopener\">contact@theatrelecolombier.fr<\/a><\/div>\n<p><em>Information communiqu\u00e9e par \u00ab\u00a0Le Colombier\u00a0\u00bb<\/em><\/p>\n<p><a href=\"http:\/\/www.o-p-i.fr\/parlonsen\/agenda\/\">Retrouvez tous les \u00e9v\u00e9nements dans l&rsquo;agenda !<\/a><\/p>\n","protected":false},"excerpt":{"rendered":"<div class=\"mh-excerpt\">Samedi 8 avril 20023, \u00e0 20h30, th\u00e9\u00e2tre Le Colombier.<\/div>\n","protected":false},"author":4,"featured_media":0,"comment_status":"open","ping_status":"open","sticky":false,"template":"","format":"standard","meta":{"om_disable_all_campaigns":false,"advanced_seo_description":"","jetpack_seo_html_title":"","jetpack_seo_noindex":false,"_jetpack_memberships_contains_paid_content":false,"footnotes":"","_links_to":"","_links_to_target":""},"categories":[52,42,1,54,5129],"tags":[43,1475,3055,4942,5295,5296,5297],"class_list":{"0":"post-54096","1":"post","2":"type-post","3":"status-publish","4":"format-standard","6":"category-parlons-en","7":"category-a-cote-de-chez-nous","8":"category-culture","9":"category-loisirs","10":"category-n-205-avril-2023","11":"tag-concert","12":"tag-accordeon","13":"tag-theatre-le-colombier","14":"tag-les-cabannes-cordes-sur-ciel","15":"tag-ablaye-cissoko","16":"tag-cyrille-brotto","17":"tag-kora"},"jetpack_featured_media_url":"","views":{"total":0,"cached_at":"","cached_date":1738182152},"jetpack_likes_enabled":true,"jetpack_sharing_enabled":true,"jetpack_shortlink":"https:\/\/wp.me\/pg7Wxj-e4w","jetpack-related-posts":[],"_links":{"self":[{"href":"https:\/\/www.o-p-i.fr\/parlonsen\/wp-json\/wp\/v2\/posts\/54096","targetHints":{"allow":["GET"]}}],"collection":[{"href":"https:\/\/www.o-p-i.fr\/parlonsen\/wp-json\/wp\/v2\/posts"}],"about":[{"href":"https:\/\/www.o-p-i.fr\/parlonsen\/wp-json\/wp\/v2\/types\/post"}],"author":[{"embeddable":true,"href":"https:\/\/www.o-p-i.fr\/parlonsen\/wp-json\/wp\/v2\/users\/4"}],"replies":[{"embeddable":true,"href":"https:\/\/www.o-p-i.fr\/parlonsen\/wp-json\/wp\/v2\/comments?post=54096"}],"version-history":[{"count":0,"href":"https:\/\/www.o-p-i.fr\/parlonsen\/wp-json\/wp\/v2\/posts\/54096\/revisions"}],"wp:attachment":[{"href":"https:\/\/www.o-p-i.fr\/parlonsen\/wp-json\/wp\/v2\/media?parent=54096"}],"wp:term":[{"taxonomy":"category","embeddable":true,"href":"https:\/\/www.o-p-i.fr\/parlonsen\/wp-json\/wp\/v2\/categories?post=54096"},{"taxonomy":"post_tag","embeddable":true,"href":"https:\/\/www.o-p-i.fr\/parlonsen\/wp-json\/wp\/v2\/tags?post=54096"}],"curies":[{"name":"wp","href":"https:\/\/api.w.org\/{rel}","templated":true}]}}