{"id":54273,"date":"2023-04-20T19:50:46","date_gmt":"2023-04-20T18:50:46","guid":{"rendered":"https:\/\/www.o-p-i.fr\/parlonsen\/?p=54273"},"modified":"2025-07-18T01:19:36","modified_gmt":"2025-07-17T23:19:36","slug":"3eme-vide-grenier-musical-a-salvagnac-81","status":"publish","type":"post","link":"https:\/\/www.o-p-i.fr\/parlonsen\/localisation\/au-pays-des-tescous\/salvagnac\/3eme-vide-grenier-musical-a-salvagnac-81\/","title":{"rendered":"3\u00e8me vide grenier musical&#8230; \u00e0 Salvagnac (81)"},"content":{"rendered":"<p><strong>Dimanch 25 juin 2023<\/strong>, de 14h. \u00e0 20h., all\u00e9es Jean Jaur\u00e8s.<!--more--><\/p>\n<h4 style=\"text-align: center;\"><img data-recalc-dims=\"1\" loading=\"lazy\" decoding=\"async\" class=\"alignright size-full wp-image-54274\" src=\"https:\/\/i0.wp.com\/www.o-p-i.fr\/parlonsen\/wp-content\/uploads\/VG-Music.gif?resize=425%2C601&#038;ssl=1\" alt=\"\" width=\"425\" height=\"601\" \/><br \/>\n3\u00e8me VIDE GRENIER MUSICAL \u25ba Pros et particuliers<\/h4>\n<p>Dans le cadre de la semaine de la f\u00eate de la musique et de la fin des cours de musique, l&rsquo;<strong>association KARAVANE<\/strong> et le CAF\u00c9 AU BORD DU MONDE, lancent le 3\u00e8me VIDE GRENIER MUSICAL, ouvert aux pros et aux particuliers.<br \/>\nSur le long des All\u00e9es Jean Jaur\u00e8s, 81630 Salvagnac.<\/p>\n<p>Achat \/ Revente, c&rsquo;est l&rsquo;occasion de renouveler vos CD, VINYLES, CASSETTES, PARTITIONS, LUTHERIE, INSTRUMENTS DE MUSIQUE, HIFI, etc&#8230;<\/p>\n<p><strong>Et de plus\u00a0 \u00e0 18h:<\/strong><br \/>\n\u00c9mission de radio <strong>\u00ab\u00a0Un peu plus haut que le nord\u00a0\u00bb<\/strong> en direct sur les All\u00e9es et sur Radio OCTOPUS, avec un plateau de chroniqueur-euses musicien-ennes et po\u00e8te-esses, tout en humour.<br \/>\n_____________________________<br \/>\nConditions obligatoires<br \/>\n3\u20ac l&#8217;emplacement + adh\u00e9sion (pour tout le monde)<br \/>\nR\u00e9servez votre stand: karavane81@gmail.com ou sur cafeauborddumonde@gmail.com<\/p>\n<p>&nbsp;<\/p>\n<p><strong><img data-recalc-dims=\"1\" loading=\"lazy\" decoding=\"async\" class=\"alignleft size-full wp-image-44336\" src=\"https:\/\/i0.wp.com\/www.o-p-i.fr\/parlonsen\/wp-content\/uploads\/logo-bord-du-monde.jpg?resize=198%2C198&#038;ssl=1\" alt=\"\" width=\"198\" height=\"198\" srcset=\"https:\/\/i0.wp.com\/www.o-p-i.fr\/parlonsen\/wp-content\/uploads\/logo-bord-du-monde.jpg?w=198&amp;ssl=1 198w, https:\/\/i0.wp.com\/www.o-p-i.fr\/parlonsen\/wp-content\/uploads\/logo-bord-du-monde.jpg?resize=150%2C150&amp;ssl=1 150w\" sizes=\"auto, (max-width: 198px) 100vw, 198px\" \/>Caf\u00e9 Au Bord du Monde<\/strong><br \/>\n<strong>12, all\u00e9es Jean Jaur\u00e8s<\/strong><br \/>\n<strong>81630 Salvagnac<\/strong><\/p>\n<p><em>Information communiqu\u00e9e par Yvan<\/em><\/p>\n<p><a href=\"http:\/\/www.o-p-i.fr\/parlonsen\/agenda\/\">Retrouvez tous les \u00e9v\u00e9nements dans l&rsquo;agenda !<\/a><\/p>\n","protected":false},"excerpt":{"rendered":"<div class=\"mh-excerpt\">Dimanch 25 juin 2023, de 14h. \u00e0 20h., all\u00e9es Jean Jaur\u00e8s.<\/div>\n","protected":false},"author":4,"featured_media":0,"comment_status":"open","ping_status":"open","sticky":false,"template":"","format":"standard","meta":{"om_disable_all_campaigns":false,"advanced_seo_description":"","jetpack_seo_html_title":"","jetpack_seo_noindex":false,"_jetpack_memberships_contains_paid_content":false,"footnotes":"","_links_to":"","_links_to_target":""},"categories":[25,5242],"tags":[2548,3328],"class_list":{"0":"post-54273","1":"post","2":"type-post","3":"status-publish","4":"format-standard","6":"category-salvagnac","7":"category-n-207-juin-2023","8":"tag-salvagnac","9":"tag-vide-greniers"},"jetpack_featured_media_url":"","views":{"total":0,"cached_at":"","cached_date":1738486082},"jetpack_likes_enabled":true,"jetpack_sharing_enabled":true,"jetpack_shortlink":"https:\/\/wp.me\/pg7Wxj-e7n","jetpack-related-posts":[],"_links":{"self":[{"href":"https:\/\/www.o-p-i.fr\/parlonsen\/wp-json\/wp\/v2\/posts\/54273","targetHints":{"allow":["GET"]}}],"collection":[{"href":"https:\/\/www.o-p-i.fr\/parlonsen\/wp-json\/wp\/v2\/posts"}],"about":[{"href":"https:\/\/www.o-p-i.fr\/parlonsen\/wp-json\/wp\/v2\/types\/post"}],"author":[{"embeddable":true,"href":"https:\/\/www.o-p-i.fr\/parlonsen\/wp-json\/wp\/v2\/users\/4"}],"replies":[{"embeddable":true,"href":"https:\/\/www.o-p-i.fr\/parlonsen\/wp-json\/wp\/v2\/comments?post=54273"}],"version-history":[{"count":0,"href":"https:\/\/www.o-p-i.fr\/parlonsen\/wp-json\/wp\/v2\/posts\/54273\/revisions"}],"wp:attachment":[{"href":"https:\/\/www.o-p-i.fr\/parlonsen\/wp-json\/wp\/v2\/media?parent=54273"}],"wp:term":[{"taxonomy":"category","embeddable":true,"href":"https:\/\/www.o-p-i.fr\/parlonsen\/wp-json\/wp\/v2\/categories?post=54273"},{"taxonomy":"post_tag","embeddable":true,"href":"https:\/\/www.o-p-i.fr\/parlonsen\/wp-json\/wp\/v2\/tags?post=54273"}],"curies":[{"name":"wp","href":"https:\/\/api.w.org\/{rel}","templated":true}]}}