{"id":54438,"date":"2023-05-04T21:04:14","date_gmt":"2023-05-04T20:04:14","guid":{"rendered":"https:\/\/www.o-p-i.fr\/parlonsen\/?p=54438"},"modified":"2023-05-04T21:04:14","modified_gmt":"2023-05-04T20:04:14","slug":"la-belle-montee-programme-des-randonnees-a-la-salvetat-82","status":"publish","type":"post","link":"https:\/\/www.o-p-i.fr\/parlonsen\/localisation\/au-pays-des-tescous\/salvetat\/la-belle-montee-programme-des-randonnees-a-la-salvetat-82\/","title":{"rendered":"La Belle Mont\u00e9e, programme des randonn\u00e9es. &#8230; \u00e0 La Salvetat (82)"},"content":{"rendered":"<p>Mois de <strong>mai et juin 2023<\/strong>, voir le programme.<!--more--><\/p>\n<p><img data-recalc-dims=\"1\" loading=\"lazy\" decoding=\"async\" class=\"aligncenter wp-image-54440\" src=\"https:\/\/i0.wp.com\/www.o-p-i.fr\/parlonsen\/wp-content\/uploads\/Belle-montee-1-1.jpg?resize=750%2C1063&#038;ssl=1\" alt=\"\" width=\"750\" height=\"1063\" srcset=\"https:\/\/i0.wp.com\/www.o-p-i.fr\/parlonsen\/wp-content\/uploads\/Belle-montee-1-1.jpg?w=624&amp;ssl=1 624w, https:\/\/i0.wp.com\/www.o-p-i.fr\/parlonsen\/wp-content\/uploads\/Belle-montee-1-1.jpg?resize=212%2C300&amp;ssl=1 212w, https:\/\/i0.wp.com\/www.o-p-i.fr\/parlonsen\/wp-content\/uploads\/Belle-montee-1-1.jpg?resize=400%2C567&amp;ssl=1 400w, https:\/\/i0.wp.com\/www.o-p-i.fr\/parlonsen\/wp-content\/uploads\/Belle-montee-1-1.jpg?resize=430%2C609&amp;ssl=1 430w, https:\/\/i0.wp.com\/www.o-p-i.fr\/parlonsen\/wp-content\/uploads\/Belle-montee-1-1.jpg?resize=150%2C213&amp;ssl=1 150w, https:\/\/i0.wp.com\/www.o-p-i.fr\/parlonsen\/wp-content\/uploads\/Belle-montee-1-1.jpg?resize=100%2C142&amp;ssl=1 100w\" sizes=\"auto, (max-width: 750px) 100vw, 750px\" \/><\/p>\n<p><img data-recalc-dims=\"1\" loading=\"lazy\" decoding=\"async\" class=\"aligncenter wp-image-54441\" src=\"https:\/\/i0.wp.com\/www.o-p-i.fr\/parlonsen\/wp-content\/uploads\/belle-montee-2.jpg?resize=750%2C835&#038;ssl=1\" alt=\"\" width=\"750\" height=\"835\" srcset=\"https:\/\/i0.wp.com\/www.o-p-i.fr\/parlonsen\/wp-content\/uploads\/belle-montee-2.jpg?w=624&amp;ssl=1 624w, https:\/\/i0.wp.com\/www.o-p-i.fr\/parlonsen\/wp-content\/uploads\/belle-montee-2.jpg?resize=269%2C300&amp;ssl=1 269w, https:\/\/i0.wp.com\/www.o-p-i.fr\/parlonsen\/wp-content\/uploads\/belle-montee-2.jpg?resize=400%2C446&amp;ssl=1 400w, https:\/\/i0.wp.com\/www.o-p-i.fr\/parlonsen\/wp-content\/uploads\/belle-montee-2.jpg?resize=430%2C479&amp;ssl=1 430w, https:\/\/i0.wp.com\/www.o-p-i.fr\/parlonsen\/wp-content\/uploads\/belle-montee-2.jpg?resize=150%2C167&amp;ssl=1 150w, https:\/\/i0.wp.com\/www.o-p-i.fr\/parlonsen\/wp-content\/uploads\/belle-montee-2.jpg?resize=100%2C111&amp;ssl=1 100w\" sizes=\"auto, (max-width: 750px) 100vw, 750px\" \/><\/p>\n<p><em>Information communiqu\u00e9e par J.M. SANGLA<\/em><\/p>\n","protected":false},"excerpt":{"rendered":"<div class=\"mh-excerpt\">Mois de mai et juin 2023, voir le programme.<\/div>\n","protected":false},"author":4,"featured_media":0,"comment_status":"open","ping_status":"open","sticky":false,"template":"","format":"standard","meta":{"om_disable_all_campaigns":false,"advanced_seo_description":"","jetpack_seo_html_title":"","jetpack_seo_noindex":false,"_jetpack_memberships_contains_paid_content":false,"footnotes":"","_links_to":"","_links_to_target":""},"categories":[52,34,54,53,5130,5242],"tags":[181,2792,4524,4898],"class_list":{"0":"post-54438","1":"post","2":"type-post","3":"status-publish","4":"format-standard","6":"category-parlons-en","7":"category-salvetat","8":"category-loisirs","9":"category-sports","10":"category-n-206-mai-2023","11":"category-n-207-juin-2023","12":"tag-la-salvetat-belmontet","13":"tag-la-belle-montee","14":"tag-la-salvetat","15":"tag-programme-randonnees"},"jetpack_featured_media_url":"","views":{"total":0,"cached_at":"","cached_date":1738467261},"jetpack_likes_enabled":true,"jetpack_sharing_enabled":true,"jetpack_shortlink":"https:\/\/wp.me\/pg7Wxj-ea2","jetpack-related-posts":[],"_links":{"self":[{"href":"https:\/\/www.o-p-i.fr\/parlonsen\/wp-json\/wp\/v2\/posts\/54438","targetHints":{"allow":["GET"]}}],"collection":[{"href":"https:\/\/www.o-p-i.fr\/parlonsen\/wp-json\/wp\/v2\/posts"}],"about":[{"href":"https:\/\/www.o-p-i.fr\/parlonsen\/wp-json\/wp\/v2\/types\/post"}],"author":[{"embeddable":true,"href":"https:\/\/www.o-p-i.fr\/parlonsen\/wp-json\/wp\/v2\/users\/4"}],"replies":[{"embeddable":true,"href":"https:\/\/www.o-p-i.fr\/parlonsen\/wp-json\/wp\/v2\/comments?post=54438"}],"version-history":[{"count":0,"href":"https:\/\/www.o-p-i.fr\/parlonsen\/wp-json\/wp\/v2\/posts\/54438\/revisions"}],"wp:attachment":[{"href":"https:\/\/www.o-p-i.fr\/parlonsen\/wp-json\/wp\/v2\/media?parent=54438"}],"wp:term":[{"taxonomy":"category","embeddable":true,"href":"https:\/\/www.o-p-i.fr\/parlonsen\/wp-json\/wp\/v2\/categories?post=54438"},{"taxonomy":"post_tag","embeddable":true,"href":"https:\/\/www.o-p-i.fr\/parlonsen\/wp-json\/wp\/v2\/tags?post=54438"}],"curies":[{"name":"wp","href":"https:\/\/api.w.org\/{rel}","templated":true}]}}