{"id":54579,"date":"2023-05-18T19:44:32","date_gmt":"2023-05-18T18:44:32","guid":{"rendered":"https:\/\/www.o-p-i.fr\/parlonsen\/?p=54579"},"modified":"2023-05-18T19:44:32","modified_gmt":"2023-05-18T18:44:32","slug":"randonnee-pedestre-a-villebrumier-82-3","status":"publish","type":"post","link":"https:\/\/www.o-p-i.fr\/parlonsen\/localisation\/au-pays-des-tescous\/villebrumier\/randonnee-pedestre-a-villebrumier-82-3\/","title":{"rendered":"Randonn\u00e9e p\u00e9destre&#8230; \u00e0 Villebrumier (82)"},"content":{"rendered":"<p><strong>Samedi 20 mai 2023, <\/strong>\u00e0 14 h. \u00e0 la salle des f\u00eates.<!--more--><\/p>\n<p><img data-recalc-dims=\"1\" loading=\"lazy\" decoding=\"async\" class=\"aligncenter size-full wp-image-54580\" src=\"https:\/\/i0.wp.com\/www.o-p-i.fr\/parlonsen\/wp-content\/uploads\/villebrumier-court.jpg?resize=624%2C576&#038;ssl=1\" alt=\"\" width=\"624\" height=\"576\" srcset=\"https:\/\/i0.wp.com\/www.o-p-i.fr\/parlonsen\/wp-content\/uploads\/villebrumier-court.jpg?w=624&amp;ssl=1 624w, https:\/\/i0.wp.com\/www.o-p-i.fr\/parlonsen\/wp-content\/uploads\/villebrumier-court.jpg?resize=300%2C277&amp;ssl=1 300w, https:\/\/i0.wp.com\/www.o-p-i.fr\/parlonsen\/wp-content\/uploads\/villebrumier-court.jpg?resize=400%2C369&amp;ssl=1 400w, https:\/\/i0.wp.com\/www.o-p-i.fr\/parlonsen\/wp-content\/uploads\/villebrumier-court.jpg?resize=430%2C397&amp;ssl=1 430w, https:\/\/i0.wp.com\/www.o-p-i.fr\/parlonsen\/wp-content\/uploads\/villebrumier-court.jpg?resize=150%2C138&amp;ssl=1 150w, https:\/\/i0.wp.com\/www.o-p-i.fr\/parlonsen\/wp-content\/uploads\/villebrumier-court.jpg?resize=100%2C92&amp;ssl=1 100w\" sizes=\"auto, (max-width: 624px) 100vw, 624px\" \/><\/p>\n<p>&nbsp;<\/p>\n<p><strong>INSCRIPTION<\/strong><\/p>\n<p>D\u00e9part \u00e0 14 heures devant la salle des f\u00eates<\/p>\n<p>Un tee-shirt offert et une boisson<\/p>\n<p>Renseignements et inscription : Gilbert MONBRUN 05 63 68 07 12<\/p>\n<p>Contact: <a href=\"http:\/\/rallyedelamitie.wifeo.com\/\" target=\"_blank\" rel=\"noopener\">http:\/\/rallyedelamitie.wifeo.com\/<\/a><\/p>\n<p><em>Information communiqu\u00e9e par Jean-Claude COSSOUL<\/em><\/p>\n<p><a href=\"http:\/\/www.o-p-i.fr\/parlonsen\/agenda\/\">Retrouvez tous les \u00e9v\u00e9nements dans l&rsquo;agenda !<\/a><\/p>\n","protected":false},"excerpt":{"rendered":"<div class=\"mh-excerpt\">Samedi 20 mai 2023, \u00e0 14 h. \u00e0 la salle des f\u00eates.<\/div>\n","protected":false},"author":4,"featured_media":0,"comment_status":"open","ping_status":"open","sticky":false,"template":"","format":"standard","meta":{"om_disable_all_campaigns":false,"advanced_seo_description":"","jetpack_seo_html_title":"","jetpack_seo_noindex":false,"_jetpack_memberships_contains_paid_content":false,"footnotes":"","_links_to":"","_links_to_target":""},"categories":[52,54,53,19,5130],"tags":[2544,762,3366],"class_list":{"0":"post-54579","1":"post","2":"type-post","3":"status-publish","4":"format-standard","6":"category-parlons-en","7":"category-loisirs","8":"category-sports","9":"category-villebrumier","10":"category-n-206-mai-2023","11":"tag-villebrumier","12":"tag-randonnee-pedestre","13":"tag-rallye-de-lamitie"},"jetpack_featured_media_url":"","views":{"total":0,"cached_at":"","cached_date":1738466231},"jetpack_likes_enabled":true,"jetpack_sharing_enabled":true,"jetpack_shortlink":"https:\/\/wp.me\/pg7Wxj-ecj","jetpack-related-posts":[],"_links":{"self":[{"href":"https:\/\/www.o-p-i.fr\/parlonsen\/wp-json\/wp\/v2\/posts\/54579","targetHints":{"allow":["GET"]}}],"collection":[{"href":"https:\/\/www.o-p-i.fr\/parlonsen\/wp-json\/wp\/v2\/posts"}],"about":[{"href":"https:\/\/www.o-p-i.fr\/parlonsen\/wp-json\/wp\/v2\/types\/post"}],"author":[{"embeddable":true,"href":"https:\/\/www.o-p-i.fr\/parlonsen\/wp-json\/wp\/v2\/users\/4"}],"replies":[{"embeddable":true,"href":"https:\/\/www.o-p-i.fr\/parlonsen\/wp-json\/wp\/v2\/comments?post=54579"}],"version-history":[{"count":0,"href":"https:\/\/www.o-p-i.fr\/parlonsen\/wp-json\/wp\/v2\/posts\/54579\/revisions"}],"wp:attachment":[{"href":"https:\/\/www.o-p-i.fr\/parlonsen\/wp-json\/wp\/v2\/media?parent=54579"}],"wp:term":[{"taxonomy":"category","embeddable":true,"href":"https:\/\/www.o-p-i.fr\/parlonsen\/wp-json\/wp\/v2\/categories?post=54579"},{"taxonomy":"post_tag","embeddable":true,"href":"https:\/\/www.o-p-i.fr\/parlonsen\/wp-json\/wp\/v2\/tags?post=54579"}],"curies":[{"name":"wp","href":"https:\/\/api.w.org\/{rel}","templated":true}]}}