{"id":54599,"date":"2023-05-19T03:37:18","date_gmt":"2023-05-19T02:37:18","guid":{"rendered":"https:\/\/www.o-p-i.fr\/parlonsen\/?p=54599"},"modified":"2025-11-09T15:22:25","modified_gmt":"2025-11-09T14:22:25","slug":"concerts-ete-2023-a-la-guinguette-de-cazals","status":"publish","type":"post","link":"https:\/\/www.o-p-i.fr\/parlonsen\/parlons-en\/pratique\/concerts-ete-2023-a-la-guinguette-de-cazals\/","title":{"rendered":"Concerts \u00e9t\u00e9 2023&#8230;\u00e0 la Guinguette de Cazals (82)"},"content":{"rendered":"<p>Voir le programme:<!--more--><\/p>\n<p><img data-recalc-dims=\"1\" loading=\"lazy\" decoding=\"async\" class=\"size-full wp-image-54600 alignright\" src=\"https:\/\/i0.wp.com\/www.o-p-i.fr\/parlonsen\/wp-content\/uploads\/Cazals-3.jpg?resize=425%2C283&#038;ssl=1\" alt=\"\" width=\"425\" height=\"283\" srcset=\"https:\/\/i0.wp.com\/www.o-p-i.fr\/parlonsen\/wp-content\/uploads\/Cazals-3.jpg?w=425&amp;ssl=1 425w, https:\/\/i0.wp.com\/www.o-p-i.fr\/parlonsen\/wp-content\/uploads\/Cazals-3.jpg?resize=300%2C200&amp;ssl=1 300w, https:\/\/i0.wp.com\/www.o-p-i.fr\/parlonsen\/wp-content\/uploads\/Cazals-3.jpg?resize=400%2C266&amp;ssl=1 400w, https:\/\/i0.wp.com\/www.o-p-i.fr\/parlonsen\/wp-content\/uploads\/Cazals-3.jpg?resize=150%2C100&amp;ssl=1 150w, https:\/\/i0.wp.com\/www.o-p-i.fr\/parlonsen\/wp-content\/uploads\/Cazals-3.jpg?resize=100%2C67&amp;ssl=1 100w\" sizes=\"auto, (max-width: 425px) 100vw, 425px\" \/>\u00a0Ci-dessous, la programmation des concerts pour 2023. (Il y en aura s\u00fbrement d&rsquo;autres)<\/p>\n<p>Pour voir, <strong><a href=\"https:\/\/www.laguinguettedecazals.fr\/concerts\" target=\"_blank\" rel=\"noopener\">cliquez ici<\/a><\/strong><\/p>\n<p>En attendant la haute saison, la Guinguette de Cazals reste ouverte les week-ends et jours f\u00e9ri\u00e9s (Vendredi midi inclu), et tous les jours sur Juillet et Ao\u00fbt<\/p>\n<p>N&rsquo;oubliez pas de r\u00e9server sur notre<strong><a href=\"https:\/\/www.laguinguettedecazals.fr\/\" target=\"_blank\" rel=\"noopener\"> site internet<\/a><\/strong><\/p>\n<p><strong><span class=\"wixui-rich-text__text\">GuinguettedeCazals<\/span><\/strong><\/p>\n<div id=\"comp-ig828o88\" class=\"BaOVQ8 tz5f0K comp-ig828o88 wixui-rich-text\" data-testid=\"richTextElement\">\n<p class=\"font_7 wixui-rich-text__text\"><strong><span class=\"wixui-rich-text__text\">Lieu-dit Caillol &#8211; 82140 Cazals<br \/>\n<\/span><\/strong><\/p>\n<\/div>\n<div id=\"comp-if52fik5\" class=\"BaOVQ8 tz5f0K comp-if52fik5 wixui-rich-text\" data-testid=\"richTextElement\">\n<p class=\"font_7 wixui-rich-text__text\">Tel: 05 63 68 20 84\u00a0 |<br \/>\nEmail:\u00a0<a class=\"wixui-rich-text__text\" href=\"mailto:contact@laguinguettedecazals.fr\" data-auto-recognition=\"true\">contact@laguinguettedecazals.fr<\/a><\/p>\n<p><em>Information communiqu\u00e9e par La Guinguette<\/em><\/p>\n<p><a href=\"http:\/\/www.o-p-i.fr\/parlonsen\/agenda\/\">Retrouvez tous les \u00e9v\u00e9nements dans l&rsquo;agenda !<\/a><\/p>\n<p class=\"font_7 wixui-rich-text__text\"><span class=\"wixGuard wixui-rich-text__text\">\u200b<\/span><\/p>\n<p class=\"font_7 wixui-rich-text__text\">\n<\/div>\n","protected":false},"excerpt":{"rendered":"<div class=\"mh-excerpt\">Voir le programme:<\/div>\n","protected":false},"author":4,"featured_media":0,"comment_status":"open","ping_status":"open","sticky":false,"template":"","format":"standard","meta":{"om_disable_all_campaigns":false,"advanced_seo_description":"","jetpack_seo_html_title":"","jetpack_seo_noindex":false,"_jetpack_memberships_contains_paid_content":false,"footnotes":"","_links_to":"","_links_to_target":""},"categories":[42,54,6,5389,5390],"tags":[43,433,1151,5394],"class_list":{"0":"post-54599","1":"post","2":"type-post","3":"status-publish","4":"format-standard","6":"category-a-cote-de-chez-nous","7":"category-loisirs","8":"category-pratique","9":"category-n-208-juillrt-2023","10":"category-n-209-aout-2023","11":"tag-concert","12":"tag-la-guinguette","13":"tag-cazals","14":"tag-programme-ete-2023"},"jetpack_featured_media_url":"","views":{"total":1,"cached_at":"","cached_date":1738318648},"jetpack_likes_enabled":true,"jetpack_sharing_enabled":true,"jetpack_shortlink":"https:\/\/wp.me\/pg7Wxj-ecD","jetpack-related-posts":[],"_links":{"self":[{"href":"https:\/\/www.o-p-i.fr\/parlonsen\/wp-json\/wp\/v2\/posts\/54599","targetHints":{"allow":["GET"]}}],"collection":[{"href":"https:\/\/www.o-p-i.fr\/parlonsen\/wp-json\/wp\/v2\/posts"}],"about":[{"href":"https:\/\/www.o-p-i.fr\/parlonsen\/wp-json\/wp\/v2\/types\/post"}],"author":[{"embeddable":true,"href":"https:\/\/www.o-p-i.fr\/parlonsen\/wp-json\/wp\/v2\/users\/4"}],"replies":[{"embeddable":true,"href":"https:\/\/www.o-p-i.fr\/parlonsen\/wp-json\/wp\/v2\/comments?post=54599"}],"version-history":[{"count":1,"href":"https:\/\/www.o-p-i.fr\/parlonsen\/wp-json\/wp\/v2\/posts\/54599\/revisions"}],"predecessor-version":[{"id":67189,"href":"https:\/\/www.o-p-i.fr\/parlonsen\/wp-json\/wp\/v2\/posts\/54599\/revisions\/67189"}],"wp:attachment":[{"href":"https:\/\/www.o-p-i.fr\/parlonsen\/wp-json\/wp\/v2\/media?parent=54599"}],"wp:term":[{"taxonomy":"category","embeddable":true,"href":"https:\/\/www.o-p-i.fr\/parlonsen\/wp-json\/wp\/v2\/categories?post=54599"},{"taxonomy":"post_tag","embeddable":true,"href":"https:\/\/www.o-p-i.fr\/parlonsen\/wp-json\/wp\/v2\/tags?post=54599"}],"curies":[{"name":"wp","href":"https:\/\/api.w.org\/{rel}","templated":true}]}}