{"id":54632,"date":"2023-05-23T16:11:14","date_gmt":"2023-05-23T15:11:14","guid":{"rendered":"https:\/\/www.o-p-i.fr\/parlonsen\/?p=54632"},"modified":"2023-05-23T16:39:40","modified_gmt":"2023-05-23T15:39:40","slug":"histoires-bizarres-spectacle-musical-a-salvagnac-81","status":"publish","type":"post","link":"https:\/\/www.o-p-i.fr\/parlonsen\/localisation\/au-pays-des-tescous\/salvagnac\/histoires-bizarres-spectacle-musical-a-salvagnac-81\/","title":{"rendered":"\u00ab\u00a0Histoires bizarres\u00a0\u00bb, spectacle musical &#8230;\u00e0 Salvagnac (81)"},"content":{"rendered":"<p><strong>Samedi 3 juin 2023,<\/strong> \u00e0 17h. salle l&rsquo;Ecrin.<!--more--><\/p>\n<p><img data-recalc-dims=\"1\" loading=\"lazy\" decoding=\"async\" class=\"alignright wp-image-54633 size-full\" src=\"https:\/\/i0.wp.com\/www.o-p-i.fr\/parlonsen\/wp-content\/uploads\/Bizarres.jpg?resize=425%2C601&#038;ssl=1\" alt=\"\" width=\"425\" height=\"601\" srcset=\"https:\/\/i0.wp.com\/www.o-p-i.fr\/parlonsen\/wp-content\/uploads\/Bizarres.jpg?w=425&amp;ssl=1 425w, https:\/\/i0.wp.com\/www.o-p-i.fr\/parlonsen\/wp-content\/uploads\/Bizarres.jpg?resize=212%2C300&amp;ssl=1 212w, https:\/\/i0.wp.com\/www.o-p-i.fr\/parlonsen\/wp-content\/uploads\/Bizarres.jpg?resize=400%2C566&amp;ssl=1 400w, https:\/\/i0.wp.com\/www.o-p-i.fr\/parlonsen\/wp-content\/uploads\/Bizarres.jpg?resize=150%2C212&amp;ssl=1 150w, https:\/\/i0.wp.com\/www.o-p-i.fr\/parlonsen\/wp-content\/uploads\/Bizarres.jpg?resize=100%2C141&amp;ssl=1 100w\" sizes=\"auto, (max-width: 425px) 100vw, 425px\" \/><\/p>\n<h4 style=\"text-align: center;\">HISTOIRES BIZARRES<\/h4>\n<h4 style=\"text-align: center;\">SPECTACLE MUSICAL A PARTIR DE 4 ANS<\/h4>\n<p>PAF : 8 EUROS<\/p>\n<p>5 EUROS -12 ans<\/p>\n<p>R\u00e9servation fortement conseill\u00e9e au 06 66\u00a0 50 83 29<\/p>\n<p>\u00ab Le trio Voli\u00e8re \u00bb s&#8217;empare des chansons de Steve Waring, polyphonies harmonieuses, instrumentations ludiques, jeu th\u00e9\u00e2tral et chor\u00e9graphique et les chansons s&rsquo;amusent<br \/>\nLes 3 voix, guitares, ukul\u00e9l\u00e9s, scie musicale, percussions, harmonica et encore d&rsquo;autres surprises sonores apportent de nouvelles couleurs aux chansons de Steve Waring qui sont des petits bijoux. Chansons connues \u00e0 savourer ou originalit\u00e9s musicales \u00e0 d\u00e9couvrir, l&rsquo;univers de Steve Waring est d&rsquo;une grande richesse.<\/p>\n<p>Catherine VANISCOTTE : ukul\u00e9l\u00e9, m\u00e9lodica, voix<br \/>\nFran\u00e7ois DOREMBUS : guitares, voix<br \/>\nAgn\u00e8s BUFFET-DOREMBUS : scie musicale, percussions, voix<\/p>\n<p><img data-recalc-dims=\"1\" loading=\"lazy\" decoding=\"async\" class=\"alignleft size-full wp-image-48506\" src=\"https:\/\/i0.wp.com\/www.o-p-i.fr\/parlonsen\/wp-content\/uploads\/KARAVANE-logo.jpg?resize=227%2C99&#038;ssl=1\" alt=\"\" width=\"227\" height=\"99\" srcset=\"https:\/\/i0.wp.com\/www.o-p-i.fr\/parlonsen\/wp-content\/uploads\/KARAVANE-logo.jpg?w=227&amp;ssl=1 227w, https:\/\/i0.wp.com\/www.o-p-i.fr\/parlonsen\/wp-content\/uploads\/KARAVANE-logo.jpg?resize=150%2C65&amp;ssl=1 150w, https:\/\/i0.wp.com\/www.o-p-i.fr\/parlonsen\/wp-content\/uploads\/KARAVANE-logo.jpg?resize=100%2C44&amp;ssl=1 100w\" sizes=\"auto, (max-width: 227px) 100vw, 227px\" \/><\/p>\n<p>&nbsp;<\/p>\n<p><em>Information ccommuniqu\u00e9e par R\u00e9gine CLARETY<\/em><\/p>\n<p><a href=\"http:\/\/www.o-p-i.fr\/parlonsen\/agenda\/\">Retrouvez tous les \u00e9v\u00e9nements dans l&rsquo;agenda !<\/a><\/p>\n","protected":false},"excerpt":{"rendered":"<div class=\"mh-excerpt\">Samedi 3 juin 2023, \u00e0 17h. salle l&rsquo;Ecrin.<\/div>\n","protected":false},"author":4,"featured_media":0,"comment_status":"open","ping_status":"open","sticky":false,"template":"","format":"standard","meta":{"om_disable_all_campaigns":false,"advanced_seo_description":"","jetpack_seo_html_title":"","jetpack_seo_noindex":false,"_jetpack_memberships_contains_paid_content":false,"footnotes":"","_links_to":"","_links_to_target":""},"categories":[54,25,5242],"tags":[2548,3875,5400,5401,5402],"class_list":{"0":"post-54632","1":"post","2":"type-post","3":"status-publish","4":"format-standard","6":"category-loisirs","7":"category-salvagnac","8":"category-n-207-juin-2023","9":"tag-salvagnac","10":"tag-spectacle-musical","11":"tag-ukulele","12":"tag-scie-musicale","13":"tag-steve-waring"},"jetpack_featured_media_url":"","views":{"total":0,"cached_at":"","cached_date":1738464064},"jetpack_likes_enabled":true,"jetpack_sharing_enabled":true,"jetpack_shortlink":"https:\/\/wp.me\/pg7Wxj-eda","jetpack-related-posts":[],"_links":{"self":[{"href":"https:\/\/www.o-p-i.fr\/parlonsen\/wp-json\/wp\/v2\/posts\/54632","targetHints":{"allow":["GET"]}}],"collection":[{"href":"https:\/\/www.o-p-i.fr\/parlonsen\/wp-json\/wp\/v2\/posts"}],"about":[{"href":"https:\/\/www.o-p-i.fr\/parlonsen\/wp-json\/wp\/v2\/types\/post"}],"author":[{"embeddable":true,"href":"https:\/\/www.o-p-i.fr\/parlonsen\/wp-json\/wp\/v2\/users\/4"}],"replies":[{"embeddable":true,"href":"https:\/\/www.o-p-i.fr\/parlonsen\/wp-json\/wp\/v2\/comments?post=54632"}],"version-history":[{"count":0,"href":"https:\/\/www.o-p-i.fr\/parlonsen\/wp-json\/wp\/v2\/posts\/54632\/revisions"}],"wp:attachment":[{"href":"https:\/\/www.o-p-i.fr\/parlonsen\/wp-json\/wp\/v2\/media?parent=54632"}],"wp:term":[{"taxonomy":"category","embeddable":true,"href":"https:\/\/www.o-p-i.fr\/parlonsen\/wp-json\/wp\/v2\/categories?post=54632"},{"taxonomy":"post_tag","embeddable":true,"href":"https:\/\/www.o-p-i.fr\/parlonsen\/wp-json\/wp\/v2\/tags?post=54632"}],"curies":[{"name":"wp","href":"https:\/\/api.w.org\/{rel}","templated":true}]}}