{"id":54706,"date":"2023-05-25T23:52:08","date_gmt":"2023-05-25T22:52:08","guid":{"rendered":"https:\/\/www.o-p-i.fr\/parlonsen\/?p=54706"},"modified":"2023-05-25T23:52:08","modified_gmt":"2023-05-25T22:52:08","slug":"32eme-marche-ceramique-contemporaine-a-giroussens-81","status":"publish","type":"post","link":"https:\/\/www.o-p-i.fr\/parlonsen\/parlons-en\/pratique\/32eme-marche-ceramique-contemporaine-a-giroussens-81\/","title":{"rendered":"32\u00e8me march\u00e9 c\u00e9ramique contemporaine&#8230; \u00e0 Giroussens (81)"},"content":{"rendered":"<p><strong>Samedi 3 et dimanche4 juin 2023<\/strong>,\u00a0 au centre de c\u00e9ramiques contemporaines.<!--more--><\/p>\n<p><img data-recalc-dims=\"1\" loading=\"lazy\" decoding=\"async\" class=\"size-full wp-image-54708 alignright\" src=\"https:\/\/i0.wp.com\/www.o-p-i.fr\/parlonsen\/wp-content\/uploads\/ceramique.jpg?resize=425%2C1170&#038;ssl=1\" alt=\"\" width=\"425\" height=\"1170\" srcset=\"https:\/\/i0.wp.com\/www.o-p-i.fr\/parlonsen\/wp-content\/uploads\/ceramique.jpg?w=425&amp;ssl=1 425w, https:\/\/i0.wp.com\/www.o-p-i.fr\/parlonsen\/wp-content\/uploads\/ceramique.jpg?resize=109%2C300&amp;ssl=1 109w, https:\/\/i0.wp.com\/www.o-p-i.fr\/parlonsen\/wp-content\/uploads\/ceramique.jpg?resize=372%2C1024&amp;ssl=1 372w, https:\/\/i0.wp.com\/www.o-p-i.fr\/parlonsen\/wp-content\/uploads\/ceramique.jpg?resize=400%2C1101&amp;ssl=1 400w, https:\/\/i0.wp.com\/www.o-p-i.fr\/parlonsen\/wp-content\/uploads\/ceramique.jpg?resize=150%2C413&amp;ssl=1 150w, https:\/\/i0.wp.com\/www.o-p-i.fr\/parlonsen\/wp-content\/uploads\/ceramique.jpg?resize=100%2C275&amp;ssl=1 100w\" sizes=\"auto, (max-width: 425px) 100vw, 425px\" \/>\u00a0March\u00e9 C\u00e9ramique Contemporaine Giroussens 3 et 4 juin 2023<br \/>\nLe March\u00e9 de C\u00e9ramique Contemporaine r\u00e9unit \u00e0 Giroussens une s\u00e9lection de 70 c\u00e9ramistes venus de France et d&rsquo;Europe. C&rsquo;est l&rsquo;\u00e9v\u00e9nement incontournable de la c\u00e9ramique contemporaine dans le grand Sud-Ouest de la France.<\/p>\n<p>Le March\u00e9 est une v\u00e9ritable vitrine pour la c\u00e9ramique d&rsquo;aujourd&rsquo;hui et de demain. Il suit l&rsquo;\u00e9volution de la c\u00e9ramique, participe \u00e0 son renouveau et constitue un formidable rendez-vous annuel pour les amateurs d&rsquo;art comme pour le grand public.<\/p>\n<p>Le March\u00e9 de C\u00e9ramique Contemporaine se d\u00e9roule les 3 et 4 juin 2023 \u00e0 Giroussens<\/p>\n<p>Les Animations<br \/>\nCe week-end constitue l&rsquo;opportunit\u00e9 de nombreux \u00e9changes dans une ambiance conviviale, avec comme d&rsquo;habitude : le Caf\u00e9 C\u00e9ramique o\u00f9 chacun peut d\u00e9guster th\u00e9 ou caf\u00e9 dans une tasse de cr\u00e9ateur, l&rsquo;Atelier Terre pour petits et grands, le Stand de Mat\u00e9riel C\u00e9ramique et les Expositions au CENTRE C\u00c9RAMIQUE DE GIROUSSENS<\/p>\n<p>&nbsp;<\/p>\n<p><img data-recalc-dims=\"1\" loading=\"lazy\" decoding=\"async\" class=\"alignleft size-full wp-image-54709\" src=\"https:\/\/i0.wp.com\/www.o-p-i.fr\/parlonsen\/wp-content\/uploads\/giroussens-s.jpg?resize=425%2C425&#038;ssl=1\" alt=\"\" width=\"425\" height=\"425\" srcset=\"https:\/\/i0.wp.com\/www.o-p-i.fr\/parlonsen\/wp-content\/uploads\/giroussens-s.jpg?w=425&amp;ssl=1 425w, https:\/\/i0.wp.com\/www.o-p-i.fr\/parlonsen\/wp-content\/uploads\/giroussens-s.jpg?resize=300%2C300&amp;ssl=1 300w, https:\/\/i0.wp.com\/www.o-p-i.fr\/parlonsen\/wp-content\/uploads\/giroussens-s.jpg?resize=150%2C150&amp;ssl=1 150w, https:\/\/i0.wp.com\/www.o-p-i.fr\/parlonsen\/wp-content\/uploads\/giroussens-s.jpg?resize=400%2C400&amp;ssl=1 400w, https:\/\/i0.wp.com\/www.o-p-i.fr\/parlonsen\/wp-content\/uploads\/giroussens-s.jpg?resize=100%2C100&amp;ssl=1 100w\" sizes=\"auto, (max-width: 425px) 100vw, 425px\" \/><\/p>\n<p>&nbsp;<\/p>\n<p>&nbsp;<\/p>\n<p>&nbsp;<\/p>\n<p>&nbsp;<\/p>\n<p>&nbsp;<\/p>\n<p>&nbsp;<\/p>\n<p>&nbsp;<\/p>\n<p>&nbsp;<\/p>\n<p>&nbsp;<\/p>\n<p>&nbsp;<\/p>\n<p>&nbsp;<\/p>\n<p>&nbsp;<\/p>\n<p>&nbsp;<\/p>\n<p><em>Information communiqu\u00e9e par Terre et Terres<\/em><\/p>\n<p><a href=\"http:\/\/www.o-p-i.fr\/parlonsen\/agenda\/\">Retrouvez tous les \u00e9v\u00e9nements dans l&rsquo;agenda !<\/a><\/p>\n","protected":false},"excerpt":{"rendered":"<div class=\"mh-excerpt\">Samedi 3 et dimanche4 juin 2023,\u00a0 au centre de c\u00e9ramiques contemporaines.<\/div>\n","protected":false},"author":4,"featured_media":0,"comment_status":"open","ping_status":"open","sticky":false,"template":"","format":"standard","meta":{"om_disable_all_campaigns":false,"advanced_seo_description":"","jetpack_seo_html_title":"","jetpack_seo_noindex":false,"_jetpack_memberships_contains_paid_content":false,"footnotes":"","_links_to":"","_links_to_target":""},"categories":[42,54,6,5242],"tags":[467,3018,5424,138,172],"class_list":{"0":"post-54706","1":"post","2":"type-post","3":"status-publish","4":"format-standard","6":"category-a-cote-de-chez-nous","7":"category-loisirs","8":"category-pratique","9":"category-n-207-juin-2023","10":"tag-giroussens","11":"tag-centre-ceramique","12":"tag-terre-et-terres","13":"tag-marche","14":"tag-exposition"},"jetpack_featured_media_url":"","views":{"total":1,"cached_at":"","cached_date":1738432645},"jetpack_likes_enabled":true,"jetpack_sharing_enabled":true,"jetpack_shortlink":"https:\/\/wp.me\/pg7Wxj-eem","jetpack-related-posts":[],"_links":{"self":[{"href":"https:\/\/www.o-p-i.fr\/parlonsen\/wp-json\/wp\/v2\/posts\/54706","targetHints":{"allow":["GET"]}}],"collection":[{"href":"https:\/\/www.o-p-i.fr\/parlonsen\/wp-json\/wp\/v2\/posts"}],"about":[{"href":"https:\/\/www.o-p-i.fr\/parlonsen\/wp-json\/wp\/v2\/types\/post"}],"author":[{"embeddable":true,"href":"https:\/\/www.o-p-i.fr\/parlonsen\/wp-json\/wp\/v2\/users\/4"}],"replies":[{"embeddable":true,"href":"https:\/\/www.o-p-i.fr\/parlonsen\/wp-json\/wp\/v2\/comments?post=54706"}],"version-history":[{"count":0,"href":"https:\/\/www.o-p-i.fr\/parlonsen\/wp-json\/wp\/v2\/posts\/54706\/revisions"}],"wp:attachment":[{"href":"https:\/\/www.o-p-i.fr\/parlonsen\/wp-json\/wp\/v2\/media?parent=54706"}],"wp:term":[{"taxonomy":"category","embeddable":true,"href":"https:\/\/www.o-p-i.fr\/parlonsen\/wp-json\/wp\/v2\/categories?post=54706"},{"taxonomy":"post_tag","embeddable":true,"href":"https:\/\/www.o-p-i.fr\/parlonsen\/wp-json\/wp\/v2\/tags?post=54706"}],"curies":[{"name":"wp","href":"https:\/\/api.w.org\/{rel}","templated":true}]}}