{"id":54715,"date":"2023-05-26T01:13:35","date_gmt":"2023-05-26T00:13:35","guid":{"rendered":"https:\/\/www.o-p-i.fr\/parlonsen\/?p=54715"},"modified":"2023-05-26T01:19:42","modified_gmt":"2023-05-26T00:19:42","slug":"assemblee-generale-de-lassociation-optimiser-promouvoir-initier-o-p-i-des-tescous-a-saint-urcisse-81","status":"publish","type":"post","link":"https:\/\/www.o-p-i.fr\/parlonsen\/localisation\/au-pays-des-tescous\/saint-urcisse\/assemblee-generale-de-lassociation-optimiser-promouvoir-initier-o-p-i-des-tescous-a-saint-urcisse-81\/","title":{"rendered":"Assembl\u00e9e G\u00e9n\u00e9rale de l&rsquo;association Optimiser Promouvoir Initier, (O.P.I. des Tescou&rsquo;s) \u00e0 Saint Urcisse (81)"},"content":{"rendered":"<p><strong>Mardi 13 juin 2023<\/strong> \u00e0 20 h., salle des associations. <!--more--><\/p>\n<p><img data-recalc-dims=\"1\" loading=\"lazy\" decoding=\"async\" class=\"aligncenter size-full wp-image-54716\" src=\"https:\/\/i0.wp.com\/www.o-p-i.fr\/parlonsen\/wp-content\/uploads\/OPI.jpg?resize=624%2C241&#038;ssl=1\" alt=\"\" width=\"624\" height=\"241\" srcset=\"https:\/\/i0.wp.com\/www.o-p-i.fr\/parlonsen\/wp-content\/uploads\/OPI.jpg?w=624&amp;ssl=1 624w, https:\/\/i0.wp.com\/www.o-p-i.fr\/parlonsen\/wp-content\/uploads\/OPI.jpg?resize=300%2C116&amp;ssl=1 300w, https:\/\/i0.wp.com\/www.o-p-i.fr\/parlonsen\/wp-content\/uploads\/OPI.jpg?resize=400%2C154&amp;ssl=1 400w, https:\/\/i0.wp.com\/www.o-p-i.fr\/parlonsen\/wp-content\/uploads\/OPI.jpg?resize=430%2C166&amp;ssl=1 430w, https:\/\/i0.wp.com\/www.o-p-i.fr\/parlonsen\/wp-content\/uploads\/OPI.jpg?resize=150%2C58&amp;ssl=1 150w, https:\/\/i0.wp.com\/www.o-p-i.fr\/parlonsen\/wp-content\/uploads\/OPI.jpg?resize=100%2C39&amp;ssl=1 100w\" sizes=\"auto, (max-width: 624px) 100vw, 624px\" \/><\/p>\n<p>A l&rsquo;ordre du jour les traditionnels rapport d&rsquo;activit\u00e9 et comptes de l&rsquo;exercice 2022.<\/p>\n<p>Egalement, r\u00e9vision du conseil d&rsquo;administration. Si vous \u00eates int\u00e9ress\u00e9 pour devenir administrateur vous pouvez adresser votre candidature par courriel \u00e0 <a href=\"mailto:contact@o-p-i.fr\" target=\"_blank\" rel=\"noopener\">contact@o-p-i.fr<\/a><\/p>\n<p>Vous n&rsquo;avez pas r\u00e9gl\u00e9 votre cotisation (20 \u20acuros) pour 2023, c&rsquo;est le moment ou jamais !!!<\/p>\n<h3>Modes de Paiement<\/h3>\n<p><strong>Paiement par ch\u00e8que :<\/strong>\u00a0Ch\u00e8que \u00e0 l\u2019ordre d\u2019OPI des Tescou\u2019s \u00e0 envoyer \u00e0 OPI des Tescou\u2019s \u2013 Bourriou Haut \u2013 3592 Route de Monclar \u2013 81630 SAINT-URCISSE.<br \/>\nSi le nom sur le ch\u00e8que est diff\u00e9rent de celui de l\u2019adh\u00e9rent merci de\u00a0 pr\u00e9ciser au dos du ch\u00e8que pour le compte de qui est faite l\u2019adh\u00e9sion.<\/p>\n<p><strong>Paiement par virement :<\/strong>\u00a0<a href=\"https:\/\/www.o-p-i.fr\/aupays\/wp-content\/uploads\/rib-opidestescous.pdf\">T\u00e9l\u00e9charger le RIB<\/a><a href=\"https:\/\/www.o-p-i.fr\/aupays\/wp-content\/uploads\/adhesion_opi.pdf\"><br \/>\n<\/a><\/p>\n<h3>Paiement s\u00e9curis\u00e9 par carte bancaire<\/h3>\n<p>Cliquez sur le lien ci-dessous pour r\u00e9gler votre adh\u00e9sion par carte bancaire. OPI utilise STRIPE, un moyen de paiement s\u00e9curis\u00e9 par carte bancaire.<\/p>\n<p><a href=\"https:\/\/buy.stripe.com\/eVa28HfEucKQ4MM7ss\" target=\"_blank\" rel=\"noopener\">Cliquez ici pour r\u00e9gler votre adh\u00e9sion \u00e0 OPI des Tescou\u2019s par carte bancaire<\/a><\/p>\n<p>Pour tout renseignement compl\u00e9mentaire n&rsquo;h\u00e9sitez pas \u00e0 m&rsquo;appeler, 06 99 11 43 21<\/p>\n<p>Cordialement<\/p>\n<p>Robert<\/p>\n","protected":false},"excerpt":{"rendered":"<div class=\"mh-excerpt\">Mardi 13 juin 2023 \u00e0 20 h., salle des associations.<\/div>\n","protected":false},"author":4,"featured_media":0,"comment_status":"open","ping_status":"open","sticky":false,"template":"","format":"standard","meta":{"om_disable_all_campaigns":false,"advanced_seo_description":"","jetpack_seo_html_title":"","jetpack_seo_noindex":false,"_jetpack_memberships_contains_paid_content":false,"footnotes":"","_links_to":"","_links_to_target":""},"categories":[18,5242],"tags":[3755,5427,5428],"class_list":{"0":"post-54715","1":"post","2":"type-post","3":"status-publish","4":"format-standard","6":"category-saint-urcisse","7":"category-n-207-juin-2023","8":"tag-a-g","9":"tag-o-p-i-des-tescous","10":"tag-administrateurs"},"jetpack_featured_media_url":"","views":{"total":0,"cached_at":"","cached_date":1738348271},"jetpack_likes_enabled":true,"jetpack_sharing_enabled":true,"jetpack_shortlink":"https:\/\/wp.me\/pg7Wxj-eev","jetpack-related-posts":[],"_links":{"self":[{"href":"https:\/\/www.o-p-i.fr\/parlonsen\/wp-json\/wp\/v2\/posts\/54715","targetHints":{"allow":["GET"]}}],"collection":[{"href":"https:\/\/www.o-p-i.fr\/parlonsen\/wp-json\/wp\/v2\/posts"}],"about":[{"href":"https:\/\/www.o-p-i.fr\/parlonsen\/wp-json\/wp\/v2\/types\/post"}],"author":[{"embeddable":true,"href":"https:\/\/www.o-p-i.fr\/parlonsen\/wp-json\/wp\/v2\/users\/4"}],"replies":[{"embeddable":true,"href":"https:\/\/www.o-p-i.fr\/parlonsen\/wp-json\/wp\/v2\/comments?post=54715"}],"version-history":[{"count":0,"href":"https:\/\/www.o-p-i.fr\/parlonsen\/wp-json\/wp\/v2\/posts\/54715\/revisions"}],"wp:attachment":[{"href":"https:\/\/www.o-p-i.fr\/parlonsen\/wp-json\/wp\/v2\/media?parent=54715"}],"wp:term":[{"taxonomy":"category","embeddable":true,"href":"https:\/\/www.o-p-i.fr\/parlonsen\/wp-json\/wp\/v2\/categories?post=54715"},{"taxonomy":"post_tag","embeddable":true,"href":"https:\/\/www.o-p-i.fr\/parlonsen\/wp-json\/wp\/v2\/tags?post=54715"}],"curies":[{"name":"wp","href":"https:\/\/api.w.org\/{rel}","templated":true}]}}