{"id":54728,"date":"2023-05-29T15:41:14","date_gmt":"2023-05-29T14:41:14","guid":{"rendered":"https:\/\/www.o-p-i.fr\/parlonsen\/?p=54728"},"modified":"2023-06-01T22:56:17","modified_gmt":"2023-06-01T21:56:17","slug":"cest-clown-spectacle-a-salvagnac-81","status":"publish","type":"post","link":"https:\/\/www.o-p-i.fr\/parlonsen\/localisation\/au-pays-des-tescous\/salvagnac\/cest-clown-spectacle-a-salvagnac-81\/","title":{"rendered":"\u00ab\u00a0C&rsquo;est clown\u00a0\u00bb, spectacle &#8230;\u00e0 Salvagnac (81)"},"content":{"rendered":"<p><strong>Vendredi 9 et samedi 10 juin 2023,<\/strong> \u00e0 l&rsquo;Ecrin, voir programme:<!--more--><\/p>\n<p>PRESENTATION<br \/>\nIls sont 11. 11 clowns en qu\u00eate de connexion cosmique. \u00c9clair\u00e9 par leur Goureau ils vous d\u00e9voileront les secrets de l\u2019individu. R\u00e9alis\u00e9 au cours d\u2019une porte ouverte exceptionnelle. Osez le bien-\u00eatre que vous sentez que vous m\u00e9ritez bien\u2026\u2026\u2026ils vous feront d\u00e9couvrir les recoins les plus absurdes de votre propre psych\u00e9.<\/p>\n<p><strong>\u00abC\u2019est clown\u00bb<\/strong> est n\u00e9 d\u2019une aventure de deux ans entre 11 amateurs de tous horizons, r\u00e9uni pas l\u2019amour du risque clown et l\u2019approche de Giovanna Merlin (cie Ordinaire extra)<br \/>\nDans ce cabaret new \u00e2ge, ils convoquent leur ridicule pour revendiquer joyeusement l\u2019injonction au bonheur (tarif\u00e9).<\/p>\n<p>l\u2019<strong><a href=\"https:\/\/www.ordinaireextra.fr\/index.php\/contact\/\" target=\"_blank\" rel=\"noopener\">Association Ordinaire extra<\/a><\/strong> 81630 Salvagnac<br \/>\nDirectrice artistique : Giovanna Merlin<\/p>\n<p><img data-recalc-dims=\"1\" loading=\"lazy\" decoding=\"async\" class=\"aligncenter size-full wp-image-54729\" src=\"https:\/\/i0.wp.com\/www.o-p-i.fr\/parlonsen\/wp-content\/uploads\/clown-5.jpg?resize=624%2C848&#038;ssl=1\" alt=\"\" width=\"624\" height=\"848\" srcset=\"https:\/\/i0.wp.com\/www.o-p-i.fr\/parlonsen\/wp-content\/uploads\/clown-5.jpg?w=624&amp;ssl=1 624w, https:\/\/i0.wp.com\/www.o-p-i.fr\/parlonsen\/wp-content\/uploads\/clown-5.jpg?resize=221%2C300&amp;ssl=1 221w, https:\/\/i0.wp.com\/www.o-p-i.fr\/parlonsen\/wp-content\/uploads\/clown-5.jpg?resize=400%2C544&amp;ssl=1 400w, https:\/\/i0.wp.com\/www.o-p-i.fr\/parlonsen\/wp-content\/uploads\/clown-5.jpg?resize=430%2C584&amp;ssl=1 430w, https:\/\/i0.wp.com\/www.o-p-i.fr\/parlonsen\/wp-content\/uploads\/clown-5.jpg?resize=150%2C204&amp;ssl=1 150w, https:\/\/i0.wp.com\/www.o-p-i.fr\/parlonsen\/wp-content\/uploads\/clown-5.jpg?resize=100%2C136&amp;ssl=1 100w\" sizes=\"auto, (max-width: 624px) 100vw, 624px\" \/><\/p>\n<p><em>Information communiqu\u00e9e par Georgette GAMBAZZA<\/em><\/p>\n<p><a href=\"https:\/\/www.o-p-i.fr\/aupays\/au-pays\/agenda\/\">Retrouvez tous les \u00e9v\u00e9nements dans l&rsquo;agenda !<\/a><\/p>\n","protected":false},"excerpt":{"rendered":"<div class=\"mh-excerpt\">Vendredi 9 et samedi 10 juin 2023, \u00e0 l&rsquo;Ecrin, voir programme:<\/div>\n","protected":false},"author":4,"featured_media":0,"comment_status":"open","ping_status":"open","sticky":false,"template":"","format":"standard","meta":{"om_disable_all_campaigns":false,"advanced_seo_description":"","jetpack_seo_html_title":"","jetpack_seo_noindex":false,"_jetpack_memberships_contains_paid_content":false,"footnotes":"","_links_to":"","_links_to_target":""},"categories":[54,25,5242],"tags":[2548,338,928,1259,1748,5431],"class_list":{"0":"post-54728","1":"post","2":"type-post","3":"status-publish","4":"format-standard","6":"category-loisirs","7":"category-salvagnac","8":"category-n-207-juin-2023","9":"tag-salvagnac","10":"tag-clown","11":"tag-restauration","12":"tag-cabaret","13":"tag-cabaret-burlesque","14":"tag-au-chapeau"},"jetpack_featured_media_url":"","views":{"total":0,"cached_at":"","cached_date":1738260505},"jetpack_likes_enabled":true,"jetpack_sharing_enabled":true,"jetpack_shortlink":"https:\/\/wp.me\/pg7Wxj-eeI","jetpack-related-posts":[],"_links":{"self":[{"href":"https:\/\/www.o-p-i.fr\/parlonsen\/wp-json\/wp\/v2\/posts\/54728","targetHints":{"allow":["GET"]}}],"collection":[{"href":"https:\/\/www.o-p-i.fr\/parlonsen\/wp-json\/wp\/v2\/posts"}],"about":[{"href":"https:\/\/www.o-p-i.fr\/parlonsen\/wp-json\/wp\/v2\/types\/post"}],"author":[{"embeddable":true,"href":"https:\/\/www.o-p-i.fr\/parlonsen\/wp-json\/wp\/v2\/users\/4"}],"replies":[{"embeddable":true,"href":"https:\/\/www.o-p-i.fr\/parlonsen\/wp-json\/wp\/v2\/comments?post=54728"}],"version-history":[{"count":0,"href":"https:\/\/www.o-p-i.fr\/parlonsen\/wp-json\/wp\/v2\/posts\/54728\/revisions"}],"wp:attachment":[{"href":"https:\/\/www.o-p-i.fr\/parlonsen\/wp-json\/wp\/v2\/media?parent=54728"}],"wp:term":[{"taxonomy":"category","embeddable":true,"href":"https:\/\/www.o-p-i.fr\/parlonsen\/wp-json\/wp\/v2\/categories?post=54728"},{"taxonomy":"post_tag","embeddable":true,"href":"https:\/\/www.o-p-i.fr\/parlonsen\/wp-json\/wp\/v2\/tags?post=54728"}],"curies":[{"name":"wp","href":"https:\/\/api.w.org\/{rel}","templated":true}]}}