{"id":5476,"date":"2010-10-20T23:21:22","date_gmt":"2010-10-20T21:21:22","guid":{"rendered":"\/parlonsen\/?p=5476"},"modified":"2010-10-20T23:21:22","modified_gmt":"2010-10-20T21:21:22","slug":"se-former-via-internet","status":"publish","type":"post","link":"https:\/\/www.o-p-i.fr\/parlonsen\/parlons-en\/pratique\/se-former-via-internet\/","title":{"rendered":"Se former via Internet &#8230;"},"content":{"rendered":"<p style=\"TEXT-ALIGN: justify\">&#8230; et pr\u00e9parer le concours d&rsquo;aide-soignant au CHU de Toulouse par le \u00ab\u00a0e-learning\u00a0\u00bb ! <!--more--><span style=\"color: #000080;\"><strong>Mais qu&rsquo;est le\u00a0\u00bbe-learning\u00a0\u00bb ? <\/strong><\/span><\/p>\n<p style=\"TEXT-ALIGN: justify\">Si l&rsquo;on se r\u00e9ferre \u00e0 la d\u00e9finition que propose le CHU de Toulouse sur sa page Internet de pr\u00e9sentation de cette formation, on peut dire que <em>le\u00a0e-learning est une technologie qui s\u2019appuie sur Internet et les outils multim\u00e9dia pour offrir des modules de formation aux apprenants. Il offre la possibilit\u00e9 de suivre un programme de formation \u00e0 distance, en auto-formation ou accompagn\u00e9, de mani\u00e8re individuelle ou collective.<\/em>Une formule qui associe le\u00a0travail personnel, le dialogue avec l&rsquo;enseignant, le cont\u00f4le de l&rsquo;acquisition des connaissances et m\u00eame l&rsquo;\u00e9change avec les autres personnes suivant la m\u00eame formation, en r\u00e9sum\u00e9, pouvoir faire tout ce l&rsquo;on fait \u00e0 \u00ab\u00a0l&rsquo;\u00e9cole\u00a0\u00bb&#8230; sans se d\u00e9placer.<a href=\"https:\/\/www.o-p-i.fr\/parlonsen\/wp-content\/uploads\/hopitaux-de-toulouse.jpg\"><\/a><\/p>\n<p style=\"TEXT-ALIGN: justify\"><a href=\"https:\/\/i0.wp.com\/www.o-p-i.fr\/parlonsen\/wp-content\/uploads\/hopitaux-de-toulouse.jpg?ssl=1\"><img data-recalc-dims=\"1\" loading=\"lazy\" decoding=\"async\" class=\"alignright size-full wp-image-5477\" title=\"hopitaux-de-toulouse\" src=\"https:\/\/i0.wp.com\/www.o-p-i.fr\/parlonsen\/wp-content\/uploads\/hopitaux-de-toulouse.jpg?resize=205%2C77&#038;ssl=1\" alt=\"hopitaux-de-toulouse\" width=\"205\" height=\"77\" \/><\/a>D\u00e9but 2010, le Centre hospitalier de Toulouse a mis en place le premier module de pr\u00e9paration au concours d&rsquo;entr\u00e9e en Institut de formation des aides-soignants (Ifas) en e-learning. La premi\u00e8re\u00a0session de formation de janvier \u00e0 mars 2010\u00a0a \u00e9t\u00e9 suivie par quatorze personnes, \u00a0jeunes, salari\u00e9s en reconversion professionnelle, demandeurs d&#8217;emploi.<\/p>\n<p style=\"TEXT-ALIGN: justify\">La session 2011 accueillera 45 participants.\u00a0Elle est pr\u00e9vue <span style=\"color: #000080;\"><strong>du 15 novembre 2010 au 14 avril 2011<\/strong><\/span>. Ce dispositif d&rsquo;enseignement \u00e0 distance s&rsquo;organise \u00e0 partir d&rsquo;un portail Internet ; et\u00a0 l&rsquo;inter-activit\u00e9 avec les formateurs est possible\u00a0grace notamment\u00a0\u00e0 des cours en visio-conf\u00e9rence.<\/p>\n<p style=\"TEXT-ALIGN: justify\">Pour en savoir plus sur cette formation en e-learning, <a title=\"cliquez pour voir le d\u00e9tail\" href=\"http:\/\/www.chu-toulouse.fr\/-cycle-preparatoire-au-concours-d-\" target=\"_blank\">cliquez ici<\/a><\/p>\n<p style=\"TEXT-ALIGN: justify\">Pour t\u00e9l\u00e9charger le dossier de candidature, <a title=\"cliquez pour t\u00e9l\u00e9charger le dossier de candidature\" href=\"http:\/\/www.chu-toulouse.fr\/IMG\/pdf\/dossier_candidature_e_learning.pdf\" target=\"_blank\">cliquez ici<\/a><\/p>\n<p style=\"TEXT-ALIGN: justify\"><em>Communiqu\u00e9 de <a title=\"cliquez pour voir le site CARIF-OREF mp\" href=\"www.cariforef-mp.asso.fr\/\" target=\"_blank\">CARIF-OREF Midi-Pyr\u00e9n\u00e9es<\/a><\/em><\/p>\n","protected":false},"excerpt":{"rendered":"<div class=\"mh-excerpt\">&#8230; et pr\u00e9parer le concours d&rsquo;aide-soignant au CHU de Toulouse par le \u00ab\u00a0e-learning\u00a0\u00bb !<\/div>\n","protected":false},"author":4,"featured_media":0,"comment_status":"open","ping_status":"open","sticky":false,"template":"","format":"standard","meta":{"om_disable_all_campaigns":false,"advanced_seo_description":"","jetpack_seo_html_title":"","jetpack_seo_noindex":false,"_jetpack_memberships_contains_paid_content":false,"footnotes":"","_links_to":"","_links_to_target":""},"categories":[42,725,6,708],"tags":[244,300,533,726,727],"class_list":{"0":"post-5476","1":"post","2":"type-post","3":"status-publish","4":"format-standard","6":"category-a-cote-de-chez-nous","7":"category-formation-parlons-en","8":"category-pratique","9":"category-n54-octobre-2010","10":"tag-formation","11":"tag-internet","12":"tag-web","13":"tag-aide-soignant","14":"tag-e-learning"},"jetpack_featured_media_url":"","views":{"total":0,"cached_at":"","cached_date":1738370704},"jetpack_likes_enabled":true,"jetpack_sharing_enabled":true,"jetpack_shortlink":"https:\/\/wp.me\/pg7Wxj-1qk","jetpack-related-posts":[],"_links":{"self":[{"href":"https:\/\/www.o-p-i.fr\/parlonsen\/wp-json\/wp\/v2\/posts\/5476","targetHints":{"allow":["GET"]}}],"collection":[{"href":"https:\/\/www.o-p-i.fr\/parlonsen\/wp-json\/wp\/v2\/posts"}],"about":[{"href":"https:\/\/www.o-p-i.fr\/parlonsen\/wp-json\/wp\/v2\/types\/post"}],"author":[{"embeddable":true,"href":"https:\/\/www.o-p-i.fr\/parlonsen\/wp-json\/wp\/v2\/users\/4"}],"replies":[{"embeddable":true,"href":"https:\/\/www.o-p-i.fr\/parlonsen\/wp-json\/wp\/v2\/comments?post=5476"}],"version-history":[{"count":0,"href":"https:\/\/www.o-p-i.fr\/parlonsen\/wp-json\/wp\/v2\/posts\/5476\/revisions"}],"wp:attachment":[{"href":"https:\/\/www.o-p-i.fr\/parlonsen\/wp-json\/wp\/v2\/media?parent=5476"}],"wp:term":[{"taxonomy":"category","embeddable":true,"href":"https:\/\/www.o-p-i.fr\/parlonsen\/wp-json\/wp\/v2\/categories?post=5476"},{"taxonomy":"post_tag","embeddable":true,"href":"https:\/\/www.o-p-i.fr\/parlonsen\/wp-json\/wp\/v2\/tags?post=5476"}],"curies":[{"name":"wp","href":"https:\/\/api.w.org\/{rel}","templated":true}]}}