{"id":54802,"date":"2023-06-01T14:04:03","date_gmt":"2023-06-01T13:04:03","guid":{"rendered":"https:\/\/www.o-p-i.fr\/parlonsen\/?p=54802"},"modified":"2023-06-01T14:12:47","modified_gmt":"2023-06-01T13:12:47","slug":"rotary-unesco-conference-a-albi81","status":"publish","type":"post","link":"https:\/\/www.o-p-i.fr\/parlonsen\/parlons-en\/culture\/rotary-unesco-conference-a-albi81\/","title":{"rendered":"Rotary\/UNESCO, conf\u00e9rence&#8230;\u00e0 Albi(81"},"content":{"rendered":"<p>Le ROTARY et l&rsquo;UNESCO<!--more--><\/p>\n<p><img data-recalc-dims=\"1\" loading=\"lazy\" decoding=\"async\" class=\"alignright size-full wp-image-54803\" src=\"https:\/\/i0.wp.com\/www.o-p-i.fr\/parlonsen\/wp-content\/uploads\/Rotary.jpg?resize=425%2C244&#038;ssl=1\" alt=\"\" width=\"425\" height=\"244\" srcset=\"https:\/\/i0.wp.com\/www.o-p-i.fr\/parlonsen\/wp-content\/uploads\/Rotary.jpg?w=425&amp;ssl=1 425w, https:\/\/i0.wp.com\/www.o-p-i.fr\/parlonsen\/wp-content\/uploads\/Rotary.jpg?resize=300%2C172&amp;ssl=1 300w, https:\/\/i0.wp.com\/www.o-p-i.fr\/parlonsen\/wp-content\/uploads\/Rotary.jpg?resize=400%2C230&amp;ssl=1 400w, https:\/\/i0.wp.com\/www.o-p-i.fr\/parlonsen\/wp-content\/uploads\/Rotary.jpg?resize=150%2C86&amp;ssl=1 150w, https:\/\/i0.wp.com\/www.o-p-i.fr\/parlonsen\/wp-content\/uploads\/Rotary.jpg?resize=100%2C57&amp;ssl=1 100w\" sizes=\"auto, (max-width: 425px) 100vw, 425px\" \/>Le Club <strong>Rotary Albi Pastel<\/strong> a re\u00e7u ses homologues dans la salle des Moulins de l&rsquo;h\u00f4tel Mercure, si\u00e8ge de l&rsquo; association soient le Club de Carmaux et le Club Lap\u00e9rouse pour une conf\u00e9rence sur le Rotary , l&rsquo;Unesco, la ville d&rsquo;Albi , l&rsquo;association Entente Rotary- sites Unesco.<\/p>\n<p>Les co conf\u00e9renciers Alain Lavergne , Membre d&rsquo;Honneur du Club Albi Pastel et St\u00e9phane Palaprat , membre du Club Lap\u00e9rouse et secr\u00e9taire de l&rsquo;association Entente rotary-sites Unesco ont pr\u00e9sent\u00e9 l&rsquo;origine des liens Rotary-ONU-UNESCO et leur d\u00e9clinaison par les Clubs Rotary fran\u00e7ais.<\/p>\n<p>Le Rotary International est reconnu comme partenaire officiel de l&rsquo;ONU et de l&rsquo;Unesco du fait de son implication active dans les conf\u00e9rences pr\u00e9paratoires en Juin 1945\u00a0, de la charte des Nations Unies, base de la cr\u00e9ation de l&rsquo;ONU puis de l&rsquo;UNESCO,<\/p>\n<p>A ce jour , le Rotary si\u00e8ge toujours dans ces instances.<\/p>\n<p>Les valeurs constitutionnelles communes \u00e0 chaque organisation\u00a0: promotion de la Paix et d&rsquo; entente entre les Peuples gr\u00e2ce \u00e0 l&rsquo;Education , les Sciences et la Culture renforcent leur lien.<\/p>\n<p>La conf\u00e9rence s&rsquo;est poursuivie par la pr\u00e9sentation de la g\u00e9n\u00e8se de la candidature de la Ville d&rsquo;Albi sur la liste des sites class\u00e9s du Patrimoine de l&rsquo;Unesco jusqu&rsquo;\u00e0 son \u00e9lection finale.<\/p>\n<p>Une personne de la Ville d&rsquo;Albi, retenant l&rsquo;\u00e9coute attentive des auditeurs \u00e9mus, a relat\u00e9 l&rsquo;\u00e9merveillement des Albigeois \u00e0 la d\u00e9couverte et re d\u00e9couverte de leur patrimoine d\u00e8s l&rsquo;annonce de l&rsquo;inscription sur la liste du Patrimoine Mondial.<br \/>\nEt de citer l&rsquo;inscription au registre de la m\u00e9moire du Monde de la Mappa Mundi en octobre 2015, portant \u00e0 2 citations sur la liste du patrimoine de l&rsquo;Unesco pour Albi et int\u00e9grant de ce fait, les 1157 sites r\u00e9pertori\u00e9s, soient 12 en Occitanie.<\/p>\n<p>En pr\u00e9sence de sa fille Brigitte, la conf\u00e9rence s&rsquo;est poursuivie rappelant qu&rsquo;un Rotarien Albigeois , Maurice Charbonni\u00e8res eu l&rsquo;id\u00e9e , en 2014 de r\u00e9unir les Clubs Rotary des villes class\u00e9es au Patrimoine de l&rsquo;Unesco.<br \/>\nL&rsquo;objectif est de\u00a0 travailler ensemble autour de l\u2019id\u00e9al Rotarien qui est de \u00ab Servir d\u2019Abord \u00bb.<br \/>\nLe Pr\u00e9sident International , Serge Gouteyron, qualifie cette Amicale originale et utile car elle peut nous permettre d\u2019avancer pour la diffusion de la Culture de la Paix\u00a0.<\/p>\n<p>Jean Pierre Remazeilles (RC Carmaux), co fondateur de l&rsquo;Entente Rotary-sites UNESCO et Pr\u00e9sident de l&rsquo;association corrobore la pr\u00e9sentation d&rsquo;Alain Lavergne\u00a0: 48 Clubs adh\u00e9rents\u00a0, 8 rencontres Rotary dans des sites UNESCO.<\/p>\n<p>Belle d\u00e9couverte pour tous les participants de la richesse culturelle de la ville d&rsquo;Albi et de son impact sur les \u00e9changes Rotariens et la r\u00e9alisation de leur devise \u00ab\u00a0Servir d&rsquo;Abord\u00a0\u00bb<\/p>\n<p>Club Rotary Albi Pastel:\u00a0 <a href=\"mailto:rotary.albipastel@gmail.com\" target=\"_blank\" rel=\"noopener\">rotary.albipastel@gmail.com<\/a><\/p>\n<p><em>Information communiqu\u00e9e par Corine CANTEGREL<\/em><\/p>\n","protected":false},"excerpt":{"rendered":"<div class=\"mh-excerpt\">Le ROTARY et l&rsquo;UNESCO<\/div>\n","protected":false},"author":4,"featured_media":0,"comment_status":"open","ping_status":"open","sticky":false,"template":"","format":"standard","meta":{"om_disable_all_campaigns":false,"advanced_seo_description":"","jetpack_seo_html_title":"","jetpack_seo_noindex":false,"_jetpack_memberships_contains_paid_content":false,"footnotes":"","_links_to":"","_links_to_target":""},"categories":[23,1,5242],"tags":[234,1290,4080,5447],"class_list":{"0":"post-54802","1":"post","2":"type-post","3":"status-publish","4":"format-standard","6":"category-au-dela-du-pays","7":"category-culture","8":"category-n-207-juin-2023","9":"tag-conference","10":"tag-unesco","11":"tag-rotary","12":"tag-rotary-albi-pastel"},"jetpack_featured_media_url":"","views":{"total":1,"cached_at":"","cached_date":1738229800},"jetpack_likes_enabled":true,"jetpack_sharing_enabled":true,"jetpack_shortlink":"https:\/\/wp.me\/pg7Wxj-efU","jetpack-related-posts":[],"_links":{"self":[{"href":"https:\/\/www.o-p-i.fr\/parlonsen\/wp-json\/wp\/v2\/posts\/54802","targetHints":{"allow":["GET"]}}],"collection":[{"href":"https:\/\/www.o-p-i.fr\/parlonsen\/wp-json\/wp\/v2\/posts"}],"about":[{"href":"https:\/\/www.o-p-i.fr\/parlonsen\/wp-json\/wp\/v2\/types\/post"}],"author":[{"embeddable":true,"href":"https:\/\/www.o-p-i.fr\/parlonsen\/wp-json\/wp\/v2\/users\/4"}],"replies":[{"embeddable":true,"href":"https:\/\/www.o-p-i.fr\/parlonsen\/wp-json\/wp\/v2\/comments?post=54802"}],"version-history":[{"count":0,"href":"https:\/\/www.o-p-i.fr\/parlonsen\/wp-json\/wp\/v2\/posts\/54802\/revisions"}],"wp:attachment":[{"href":"https:\/\/www.o-p-i.fr\/parlonsen\/wp-json\/wp\/v2\/media?parent=54802"}],"wp:term":[{"taxonomy":"category","embeddable":true,"href":"https:\/\/www.o-p-i.fr\/parlonsen\/wp-json\/wp\/v2\/categories?post=54802"},{"taxonomy":"post_tag","embeddable":true,"href":"https:\/\/www.o-p-i.fr\/parlonsen\/wp-json\/wp\/v2\/tags?post=54802"}],"curies":[{"name":"wp","href":"https:\/\/api.w.org\/{rel}","templated":true}]}}