{"id":54818,"date":"2023-06-01T21:30:04","date_gmt":"2023-06-01T20:30:04","guid":{"rendered":"https:\/\/www.o-p-i.fr\/parlonsen\/?p=54818"},"modified":"2023-06-01T21:31:23","modified_gmt":"2023-06-01T20:31:23","slug":"dedicaces-des-moissons-du-tracteur-savant-a-saint-antonin-noble-val","status":"publish","type":"post","link":"https:\/\/www.o-p-i.fr\/parlonsen\/parlons-en\/culture\/dedicaces-des-moissons-du-tracteur-savant-a-saint-antonin-noble-val\/","title":{"rendered":"D\u00e9dicaces des moissons du Tracteur Savant&#8230; \u00e0 Saint-Antonin-Noble-Val"},"content":{"rendered":"<p><strong>Dimanche 11, dimanche 18 et dimanche 25 juin 2023.<\/strong><!--more--><\/p>\n<p>Nous avons le plaisir de vous pr\u00e9senter les moissons du mois de juin 2023 du Tracteur Savant. La librairie, situ\u00e9e \u00e0 Saint-Antonin-Noble-Val s&rsquo;attache \u00e0 faire vivre le lieu et le village.<br \/>\nVoici donc trois auteurs pr\u00e9vus en juin pour trois d\u00e9dicaces d&rsquo;un genre diff\u00e9rent \u00e0 chaque fois : une biographie, une BD et un polar.<br \/>\nEn cliquant sur les images, vous trouverez l&rsquo;article correspondant \u00e0 chaque \u00e9v\u00e9nement.<\/p>\n<p><a href=\"https:\/\/letracteursavant.com\/gainsboum-dedicace-de-robert-pico\/\" target=\"_blank\" rel=\"noopener\"><img data-recalc-dims=\"1\" loading=\"lazy\" decoding=\"async\" class=\"aligncenter size-full wp-image-54819\" src=\"https:\/\/i0.wp.com\/www.o-p-i.fr\/parlonsen\/wp-content\/uploads\/Pico.jpg?resize=624%2C208&#038;ssl=1\" alt=\"\" width=\"624\" height=\"208\" srcset=\"https:\/\/i0.wp.com\/www.o-p-i.fr\/parlonsen\/wp-content\/uploads\/Pico.jpg?w=624&amp;ssl=1 624w, https:\/\/i0.wp.com\/www.o-p-i.fr\/parlonsen\/wp-content\/uploads\/Pico.jpg?resize=300%2C100&amp;ssl=1 300w, https:\/\/i0.wp.com\/www.o-p-i.fr\/parlonsen\/wp-content\/uploads\/Pico.jpg?resize=400%2C133&amp;ssl=1 400w, https:\/\/i0.wp.com\/www.o-p-i.fr\/parlonsen\/wp-content\/uploads\/Pico.jpg?resize=430%2C143&amp;ssl=1 430w, https:\/\/i0.wp.com\/www.o-p-i.fr\/parlonsen\/wp-content\/uploads\/Pico.jpg?resize=150%2C50&amp;ssl=1 150w, https:\/\/i0.wp.com\/www.o-p-i.fr\/parlonsen\/wp-content\/uploads\/Pico.jpg?resize=100%2C33&amp;ssl=1 100w\" sizes=\"auto, (max-width: 624px) 100vw, 624px\" \/><\/a><\/p>\n<p>&nbsp;<\/p>\n<p><a href=\"https:\/\/letracteursavant.com\/papa-ou-le-francky-dedicace-de-camille-blandin\/\" target=\"_blank\" rel=\"noopener\"><img data-recalc-dims=\"1\" loading=\"lazy\" decoding=\"async\" class=\"aligncenter size-full wp-image-54820\" src=\"https:\/\/i0.wp.com\/www.o-p-i.fr\/parlonsen\/wp-content\/uploads\/Blandin.jpg?resize=624%2C208&#038;ssl=1\" alt=\"\" width=\"624\" height=\"208\" srcset=\"https:\/\/i0.wp.com\/www.o-p-i.fr\/parlonsen\/wp-content\/uploads\/Blandin.jpg?w=624&amp;ssl=1 624w, https:\/\/i0.wp.com\/www.o-p-i.fr\/parlonsen\/wp-content\/uploads\/Blandin.jpg?resize=300%2C100&amp;ssl=1 300w, https:\/\/i0.wp.com\/www.o-p-i.fr\/parlonsen\/wp-content\/uploads\/Blandin.jpg?resize=400%2C133&amp;ssl=1 400w, https:\/\/i0.wp.com\/www.o-p-i.fr\/parlonsen\/wp-content\/uploads\/Blandin.jpg?resize=430%2C143&amp;ssl=1 430w, https:\/\/i0.wp.com\/www.o-p-i.fr\/parlonsen\/wp-content\/uploads\/Blandin.jpg?resize=150%2C50&amp;ssl=1 150w, https:\/\/i0.wp.com\/www.o-p-i.fr\/parlonsen\/wp-content\/uploads\/Blandin.jpg?resize=100%2C33&amp;ssl=1 100w\" sizes=\"auto, (max-width: 624px) 100vw, 624px\" \/><\/a><\/p>\n<p>&nbsp;<\/p>\n<p><a href=\"https:\/\/letracteursavant.com\/une-vieille-odeur-de-haine-dedicace-de-bernard-aries\/\" target=\"_blank\" rel=\"noopener\"><img data-recalc-dims=\"1\" loading=\"lazy\" decoding=\"async\" class=\"aligncenter size-full wp-image-54821\" src=\"https:\/\/i0.wp.com\/www.o-p-i.fr\/parlonsen\/wp-content\/uploads\/Aries-14.jpg?resize=624%2C208&#038;ssl=1\" alt=\"\" width=\"624\" height=\"208\" srcset=\"https:\/\/i0.wp.com\/www.o-p-i.fr\/parlonsen\/wp-content\/uploads\/Aries-14.jpg?w=624&amp;ssl=1 624w, https:\/\/i0.wp.com\/www.o-p-i.fr\/parlonsen\/wp-content\/uploads\/Aries-14.jpg?resize=300%2C100&amp;ssl=1 300w, https:\/\/i0.wp.com\/www.o-p-i.fr\/parlonsen\/wp-content\/uploads\/Aries-14.jpg?resize=400%2C133&amp;ssl=1 400w, https:\/\/i0.wp.com\/www.o-p-i.fr\/parlonsen\/wp-content\/uploads\/Aries-14.jpg?resize=430%2C143&amp;ssl=1 430w, https:\/\/i0.wp.com\/www.o-p-i.fr\/parlonsen\/wp-content\/uploads\/Aries-14.jpg?resize=150%2C50&amp;ssl=1 150w, https:\/\/i0.wp.com\/www.o-p-i.fr\/parlonsen\/wp-content\/uploads\/Aries-14.jpg?resize=100%2C33&amp;ssl=1 100w\" sizes=\"auto, (max-width: 624px) 100vw, 624px\" \/><\/a><\/p>\n<p>&nbsp;<\/p>\n<div>\n<figure id=\"attachment_22445\" aria-describedby=\"caption-attachment-22445\" style=\"width: 300px\" class=\"wp-caption alignleft\"><img data-recalc-dims=\"1\" loading=\"lazy\" decoding=\"async\" class=\"wp-image-22445 size-medium\" src=\"https:\/\/i0.wp.com\/www.o-p-i.fr\/parlonsen\/wp-content\/uploads\/tracteursavant.jpg?resize=300%2C169&#038;ssl=1\" alt=\"\" width=\"300\" height=\"169\" srcset=\"https:\/\/i0.wp.com\/www.o-p-i.fr\/parlonsen\/wp-content\/uploads\/tracteursavant.jpg?resize=300%2C169&amp;ssl=1 300w, https:\/\/i0.wp.com\/www.o-p-i.fr\/parlonsen\/wp-content\/uploads\/tracteursavant.jpg?w=500&amp;ssl=1 500w\" sizes=\"auto, (max-width: 300px) 100vw, 300px\" \/><figcaption id=\"caption-attachment-22445\" class=\"wp-caption-text\">Le Tracteur Savant &#8211; Librairie \u00e0 Saint Antonin Noble Val (82)<\/figcaption><\/figure>\n<p><b>Librairie Le Tracteur Savant<br \/>\n<\/b><\/p>\n<\/div>\n<div><b>5a, place de la Halle<\/b><\/div>\n<div><b>82140 Saint-Antonin-Noble-Val<\/b><\/div>\n<div><b>T\u00e9l: 07 82 55 72 27<br \/>\n<\/b><\/div>\n<div><b>Horaires : du mardi au samedi de 10h \u00e0 12h30 et de 14h \u00e0 18h30,<br \/>\n<\/b><\/div>\n<div><b>le dimanche de 9h \u00e0 13h<br \/>\n<\/b><\/div>\n<div><b>Email :\u00a0<a href=\"mailto:letracteursavant@gmail.com\" rel=\"noreferrer\">letracteursavant@gmail.com<\/a><br \/>\n<\/b><\/div>\n<div><b>Site :<\/b><b>\u00a0<a href=\"http:\/\/www.letracteursavant.com\/\" target=\"_blank\" rel=\"noopener noreferrer\">www.letracteursavant.com<\/a><\/b><\/div>\n<p>&nbsp;<\/p>\n<p><em>Information communiqu\u00e9e par Les Conductrices du Tracteur<\/em><\/p>\n<p><a href=\"https:\/\/www.o-p-i.fr\/aupays\/au-pays\/agenda\/\">Retrouvez tous les \u00e9v\u00e9nements dans l&rsquo;agenda !<\/a><\/p>\n<p>&nbsp;<\/p>\n","protected":false},"excerpt":{"rendered":"<div class=\"mh-excerpt\">Dimanche 11, dimanche 18 et dimanche 25 juin 2023.<\/div>\n","protected":false},"author":4,"featured_media":0,"comment_status":"open","ping_status":"open","sticky":false,"template":"","format":"standard","meta":{"om_disable_all_campaigns":false,"advanced_seo_description":"","jetpack_seo_html_title":"","jetpack_seo_noindex":false,"_jetpack_memberships_contains_paid_content":false,"footnotes":"","_links_to":"","_links_to_target":""},"categories":[42,1,54,6,5242],"tags":[536,1837,4024,5452,5453,5454],"class_list":{"0":"post-54818","1":"post","2":"type-post","3":"status-publish","4":"format-standard","6":"category-a-cote-de-chez-nous","7":"category-culture","8":"category-loisirs","9":"category-pratique","10":"category-n-207-juin-2023","11":"tag-saint-antonin-noble-val","12":"tag-bernard-aries","13":"tag-dedicaces","14":"tag-trcteur-savant","15":"tag-robert-pico","16":"tag-camille-blandin"},"jetpack_featured_media_url":"","views":{"total":0,"cached_at":"","cached_date":1738441632},"jetpack_likes_enabled":true,"jetpack_sharing_enabled":true,"jetpack_shortlink":"https:\/\/wp.me\/pg7Wxj-ega","jetpack-related-posts":[],"_links":{"self":[{"href":"https:\/\/www.o-p-i.fr\/parlonsen\/wp-json\/wp\/v2\/posts\/54818","targetHints":{"allow":["GET"]}}],"collection":[{"href":"https:\/\/www.o-p-i.fr\/parlonsen\/wp-json\/wp\/v2\/posts"}],"about":[{"href":"https:\/\/www.o-p-i.fr\/parlonsen\/wp-json\/wp\/v2\/types\/post"}],"author":[{"embeddable":true,"href":"https:\/\/www.o-p-i.fr\/parlonsen\/wp-json\/wp\/v2\/users\/4"}],"replies":[{"embeddable":true,"href":"https:\/\/www.o-p-i.fr\/parlonsen\/wp-json\/wp\/v2\/comments?post=54818"}],"version-history":[{"count":0,"href":"https:\/\/www.o-p-i.fr\/parlonsen\/wp-json\/wp\/v2\/posts\/54818\/revisions"}],"wp:attachment":[{"href":"https:\/\/www.o-p-i.fr\/parlonsen\/wp-json\/wp\/v2\/media?parent=54818"}],"wp:term":[{"taxonomy":"category","embeddable":true,"href":"https:\/\/www.o-p-i.fr\/parlonsen\/wp-json\/wp\/v2\/categories?post=54818"},{"taxonomy":"post_tag","embeddable":true,"href":"https:\/\/www.o-p-i.fr\/parlonsen\/wp-json\/wp\/v2\/tags?post=54818"}],"curies":[{"name":"wp","href":"https:\/\/api.w.org\/{rel}","templated":true}]}}