{"id":54886,"date":"2023-06-08T22:33:10","date_gmt":"2023-06-08T21:33:10","guid":{"rendered":"https:\/\/www.o-p-i.fr\/parlonsen\/?p=54886"},"modified":"2023-06-08T22:44:31","modified_gmt":"2023-06-08T21:44:31","slug":"un-air-de-vacances-theatre-a-montauban-82","status":"publish","type":"post","link":"https:\/\/www.o-p-i.fr\/parlonsen\/parlons-en\/culture\/un-air-de-vacances-theatre-a-montauban-82\/","title":{"rendered":"\u00ab\u00a0Un air de vacances\u00a0\u00bb, th\u00e9\u00e2tre &#8230;\u00e0 Montauban (82)"},"content":{"rendered":"<p><strong>Samedi 10 juin 2023<\/strong> \u00e0 20h et <strong>Dimanche 11 juin 2023<\/strong> \u00e0 15h, th\u00e9\u00e2tre de l&rsquo;Embelllie. <!--more--><\/p>\n<p><img data-recalc-dims=\"1\" loading=\"lazy\" decoding=\"async\" class=\"alignright size-full wp-image-54887\" src=\"https:\/\/i0.wp.com\/www.o-p-i.fr\/parlonsen\/wp-content\/uploads\/air.jpg?resize=425%2C425&#038;ssl=1\" alt=\"\" width=\"425\" height=\"425\" srcset=\"https:\/\/i0.wp.com\/www.o-p-i.fr\/parlonsen\/wp-content\/uploads\/air.jpg?w=425&amp;ssl=1 425w, https:\/\/i0.wp.com\/www.o-p-i.fr\/parlonsen\/wp-content\/uploads\/air.jpg?resize=300%2C300&amp;ssl=1 300w, https:\/\/i0.wp.com\/www.o-p-i.fr\/parlonsen\/wp-content\/uploads\/air.jpg?resize=150%2C150&amp;ssl=1 150w, https:\/\/i0.wp.com\/www.o-p-i.fr\/parlonsen\/wp-content\/uploads\/air.jpg?resize=400%2C400&amp;ssl=1 400w, https:\/\/i0.wp.com\/www.o-p-i.fr\/parlonsen\/wp-content\/uploads\/air.jpg?resize=100%2C100&amp;ssl=1 100w\" sizes=\"auto, (max-width: 425px) 100vw, 425px\" \/>Un air de vacances par les \u00e9l\u00e8ves du Th\u00e9\u00e2tre Ecole<br \/>\nSpectacle de fin d&rsquo;ann\u00e9e &#8211;<br \/>\nPour leur spectacle de fin d&rsquo;ann\u00e9e, les com\u00e9diens en herbe du Th\u00e9\u00e2tre Ecole de l&rsquo;Embellie f\u00eatent les vacances toutes proches et vous invitent \u00e0 plusieurs petits spectacles sur ce th\u00e8me&#8230;<\/p>\n<ul>\n<li>Les grands de 12 \u00e0 18 ans seront sur sc\u00e8ne le samedi soir<\/li>\n<li>et les petits de 6 \u00e0 12 ans le dimanche apr\u00e8s-midi.<\/li>\n<\/ul>\n<p>Plein tarif 12\u20ac &#8211; Tarif r\u00e9duit 10\u20ac \u2013 Tarif mini 8\u20ac &#8211; Gratuit -6 ans<\/p>\n<p>&nbsp;<\/p>\n<figure id=\"attachment_18509\" aria-describedby=\"caption-attachment-18509\" style=\"width: 300px\" class=\"wp-caption alignleft\"><img data-recalc-dims=\"1\" loading=\"lazy\" decoding=\"async\" class=\"size-medium wp-image-18509\" src=\"https:\/\/i0.wp.com\/www.o-p-i.fr\/parlonsen\/wp-content\/uploads\/theatredelembellie.jpg?resize=300%2C110&#038;ssl=1\" alt=\"\" width=\"300\" height=\"110\" srcset=\"https:\/\/i0.wp.com\/www.o-p-i.fr\/parlonsen\/wp-content\/uploads\/theatredelembellie.jpg?resize=300%2C110&amp;ssl=1 300w, https:\/\/i0.wp.com\/www.o-p-i.fr\/parlonsen\/wp-content\/uploads\/theatredelembellie.jpg?w=600&amp;ssl=1 600w\" sizes=\"auto, (max-width: 300px) 100vw, 300px\" \/><figcaption id=\"caption-attachment-18509\" class=\"wp-caption-text\">Th\u00e9\u00e2tre de l&rsquo;Embellie &#8211; Montauban (82)<\/figcaption><\/figure>\n<p>THEATRE DE L&rsquo;EMBELLIE &#8211;<br \/>\n840 avenue de Bordeaux \u00e0<br \/>\nMontauban &#8211;<br \/>\nT\u00e9l\u00e9phone: 05 63 91 96 20<br \/>\nLicences cat\u00e9gorie 1 : L-R-20-9678 &#8211; cat\u00e9gorie 3 : L-R-20-9708<\/p>\n<p><em>Information communiqu\u00e9e par\u00a0Chantal BEGHIN<\/em><\/p>\n<p><a href=\"https:\/\/www.o-p-i.fr\/aupays\/au-pays\/agenda\/\">Retrouvez tous les \u00e9v\u00e9nements dans l&rsquo;agenda !<\/a><\/p>\n","protected":false},"excerpt":{"rendered":"<div class=\"mh-excerpt\">Samedi 10 juin 2023 \u00e0 20h et Dimanche 11 juin 2023 \u00e0 15h, th\u00e9\u00e2tre de l&rsquo;Embelllie.<\/div>\n","protected":false},"author":4,"featured_media":0,"comment_status":"open","ping_status":"open","sticky":false,"template":"","format":"standard","meta":{"om_disable_all_campaigns":false,"advanced_seo_description":"","jetpack_seo_html_title":"","jetpack_seo_noindex":false,"_jetpack_memberships_contains_paid_content":false,"footnotes":"","_links_to":"","_links_to_target":""},"categories":[42,1,54,5242],"tags":[99,471,2736,3911],"class_list":{"0":"post-54886","1":"post","2":"type-post","3":"status-publish","4":"format-standard","6":"category-a-cote-de-chez-nous","7":"category-culture","8":"category-loisirs","9":"category-n-207-juin-2023","10":"tag-montauban","11":"tag-vacances","12":"tag-theatre-de-lembellie","13":"tag-theatre-ecole"},"jetpack_featured_media_url":"","views":{"total":0,"cached_at":"","cached_date":1738514901},"jetpack_likes_enabled":true,"jetpack_sharing_enabled":true,"jetpack_shortlink":"https:\/\/wp.me\/pg7Wxj-ehg","jetpack-related-posts":[],"_links":{"self":[{"href":"https:\/\/www.o-p-i.fr\/parlonsen\/wp-json\/wp\/v2\/posts\/54886","targetHints":{"allow":["GET"]}}],"collection":[{"href":"https:\/\/www.o-p-i.fr\/parlonsen\/wp-json\/wp\/v2\/posts"}],"about":[{"href":"https:\/\/www.o-p-i.fr\/parlonsen\/wp-json\/wp\/v2\/types\/post"}],"author":[{"embeddable":true,"href":"https:\/\/www.o-p-i.fr\/parlonsen\/wp-json\/wp\/v2\/users\/4"}],"replies":[{"embeddable":true,"href":"https:\/\/www.o-p-i.fr\/parlonsen\/wp-json\/wp\/v2\/comments?post=54886"}],"version-history":[{"count":0,"href":"https:\/\/www.o-p-i.fr\/parlonsen\/wp-json\/wp\/v2\/posts\/54886\/revisions"}],"wp:attachment":[{"href":"https:\/\/www.o-p-i.fr\/parlonsen\/wp-json\/wp\/v2\/media?parent=54886"}],"wp:term":[{"taxonomy":"category","embeddable":true,"href":"https:\/\/www.o-p-i.fr\/parlonsen\/wp-json\/wp\/v2\/categories?post=54886"},{"taxonomy":"post_tag","embeddable":true,"href":"https:\/\/www.o-p-i.fr\/parlonsen\/wp-json\/wp\/v2\/tags?post=54886"}],"curies":[{"name":"wp","href":"https:\/\/api.w.org\/{rel}","templated":true}]}}