{"id":54996,"date":"2023-06-15T21:31:04","date_gmt":"2023-06-15T20:31:04","guid":{"rendered":"https:\/\/www.o-p-i.fr\/parlonsen\/?p=54996"},"modified":"2023-06-15T22:55:39","modified_gmt":"2023-06-15T21:55:39","slug":"la-transition-en-question-projection-debat-a-saint-sulpice-la-pointe-81","status":"publish","type":"post","link":"https:\/\/www.o-p-i.fr\/parlonsen\/parlons-en\/pratique\/la-transition-en-question-projection-debat-a-saint-sulpice-la-pointe-81\/","title":{"rendered":"\u00ab\u00a0La transition en question\u00a0\u00bb, projection-d\u00e9bat &#8230;\u00e0 Saint Sulpice la Pointe (81)"},"content":{"rendered":"<p><strong>Vendredi 30 juin 2023<\/strong> \u00e0 20h45 au Sejefy&rsquo;s<!--more--><\/p>\n<h4><img data-recalc-dims=\"1\" loading=\"lazy\" decoding=\"async\" class=\"alignright size-full wp-image-54999\" src=\"https:\/\/i0.wp.com\/www.o-p-i.fr\/parlonsen\/wp-content\/uploads\/Jancovici.jpg?resize=425%2C351&#038;ssl=1\" alt=\"\" width=\"425\" height=\"351\" srcset=\"https:\/\/i0.wp.com\/www.o-p-i.fr\/parlonsen\/wp-content\/uploads\/Jancovici.jpg?w=425&amp;ssl=1 425w, https:\/\/i0.wp.com\/www.o-p-i.fr\/parlonsen\/wp-content\/uploads\/Jancovici.jpg?resize=300%2C248&amp;ssl=1 300w, https:\/\/i0.wp.com\/www.o-p-i.fr\/parlonsen\/wp-content\/uploads\/Jancovici.jpg?resize=400%2C330&amp;ssl=1 400w, https:\/\/i0.wp.com\/www.o-p-i.fr\/parlonsen\/wp-content\/uploads\/Jancovici.jpg?resize=150%2C124&amp;ssl=1 150w, https:\/\/i0.wp.com\/www.o-p-i.fr\/parlonsen\/wp-content\/uploads\/Jancovici.jpg?resize=100%2C83&amp;ssl=1 100w\" sizes=\"auto, (max-width: 425px) 100vw, 425px\" \/><\/h4>\n<h4>Projection D\u00e9bat \u00ab\u00a0La Transition en Questions\u00a0\u00bb<\/h4>\n<p>L&rsquo;ECOlibris, recyclerie et ateliers associatifs en faveur du r\u00e9emploi, organise le vendredi 30 juin \u00e0 20h45, en partenariat avec l&rsquo;association 7eme Art pour Tous, au cin\u00e9ma \u00ab\u00a0Le Sejefy&rsquo;s\u00a0\u00bb \u00e0 St Sulpice la Pointe, une projection d\u00e9bat intitul\u00e9e \u00ab\u00a0Transition en Questions\u00a0\u00bb. Elle d\u00e9butera par la projection d&rsquo;une conf\u00e9rence de l&#8217;embl\u00e9matique Jean-Marc JANCOVICI, pr\u00e9sident de The Shift Project, et sera suivie d&rsquo;un d\u00e9bat sur la th\u00e9matique de la transition autour des enjeux du climat, de l&rsquo;\u00e9nergie et des ressources de notre plan\u00e8te. Vous \u00eates attendus nombreux pour participer \u00e0 ces \u00e9changes riches et \u00e9clairants !<\/p>\n<p><strong>Lieu<\/strong> :Saint-Sulpice-la-Pointe<br \/>\nLe Sejefy&rsquo;s<br \/>\n11Bis Av. Charles de Gaulle<\/p>\n<p><em>Information communiqu\u00e9e par Martine ROUANET<\/em><\/p>\n<p><a href=\"https:\/\/www.o-p-i.fr\/aupays\/au-pays\/agenda\/\">Retrouvez tous les \u00e9v\u00e9nements dans l&rsquo;agenda !<\/a><\/p>\n<p>&nbsp;<\/p>\n","protected":false},"excerpt":{"rendered":"<div class=\"mh-excerpt\">Vendredi 30 juin 2023 \u00e0 20h45 au Sejefy&rsquo;s<\/div>\n","protected":false},"author":4,"featured_media":0,"comment_status":"open","ping_status":"open","sticky":false,"template":"","format":"standard","meta":{"om_disable_all_campaigns":false,"advanced_seo_description":"","jetpack_seo_html_title":"","jetpack_seo_noindex":false,"_jetpack_memberships_contains_paid_content":false,"footnotes":"","_links_to":"","_links_to_target":""},"categories":[52,42,55,6,5242],"tags":[169,1190,2739,3312,5494,5495],"class_list":{"0":"post-54996","1":"post","2":"type-post","3":"status-publish","4":"format-standard","6":"category-parlons-en","7":"category-a-cote-de-chez-nous","8":"category-environnement","9":"category-pratique","10":"category-n-207-juin-2023","11":"tag-energie","12":"tag-climat","13":"tag-saint-sulpice-la-pointe","14":"tag-cine-debat","15":"tag-jean-marc-jancovici","16":"tag-ressource"},"jetpack_featured_media_url":"","views":{"total":0,"cached_at":"","cached_date":1738404339},"jetpack_likes_enabled":true,"jetpack_sharing_enabled":true,"jetpack_shortlink":"https:\/\/wp.me\/pg7Wxj-ej2","jetpack-related-posts":[],"_links":{"self":[{"href":"https:\/\/www.o-p-i.fr\/parlonsen\/wp-json\/wp\/v2\/posts\/54996","targetHints":{"allow":["GET"]}}],"collection":[{"href":"https:\/\/www.o-p-i.fr\/parlonsen\/wp-json\/wp\/v2\/posts"}],"about":[{"href":"https:\/\/www.o-p-i.fr\/parlonsen\/wp-json\/wp\/v2\/types\/post"}],"author":[{"embeddable":true,"href":"https:\/\/www.o-p-i.fr\/parlonsen\/wp-json\/wp\/v2\/users\/4"}],"replies":[{"embeddable":true,"href":"https:\/\/www.o-p-i.fr\/parlonsen\/wp-json\/wp\/v2\/comments?post=54996"}],"version-history":[{"count":0,"href":"https:\/\/www.o-p-i.fr\/parlonsen\/wp-json\/wp\/v2\/posts\/54996\/revisions"}],"wp:attachment":[{"href":"https:\/\/www.o-p-i.fr\/parlonsen\/wp-json\/wp\/v2\/media?parent=54996"}],"wp:term":[{"taxonomy":"category","embeddable":true,"href":"https:\/\/www.o-p-i.fr\/parlonsen\/wp-json\/wp\/v2\/categories?post=54996"},{"taxonomy":"post_tag","embeddable":true,"href":"https:\/\/www.o-p-i.fr\/parlonsen\/wp-json\/wp\/v2\/tags?post=54996"}],"curies":[{"name":"wp","href":"https:\/\/api.w.org\/{rel}","templated":true}]}}