{"id":55421,"date":"2023-07-28T03:59:44","date_gmt":"2023-07-28T02:59:44","guid":{"rendered":"https:\/\/www.o-p-i.fr\/parlonsen\/?p=55421"},"modified":"2023-07-28T03:59:44","modified_gmt":"2023-07-28T02:59:44","slug":"loto-du-c-c-a-s-a-salvagnac-81","status":"publish","type":"post","link":"https:\/\/www.o-p-i.fr\/parlonsen\/parlons-en\/pratique\/loto-du-c-c-a-s-a-salvagnac-81\/","title":{"rendered":"Loto du C.C.A.S. &#8230;\u00e0 Salvagnac (81)"},"content":{"rendered":"<p>a<strong>Lundi 7 ao\u00fbt 2023<\/strong>, \u00e0 21h., sur les All\u00e9es Jean Jaur\u00e8s <!--more--><\/p>\n<p>Le loto au profit du CCAS de Salvagnac aura lieu le lundi 7 Ao\u00fbt 2023 \u00e0 21H sur les All\u00e9es Jean Jaur\u00e8s en plein air. Boissons et stand de cr\u00eapes pendant l&rsquo;entracte. Repli salle Omnisports en cas de pluie. \u00c9v\u00e8nement port\u00e9 par l&rsquo;association du 3\u00e8me \u00e2ge de Salvagnac permettant le financement des colis de No\u00ebl pour les personnes de plus de 80 ans et le soutien financiers aux familles en difficult\u00e9s.<\/p>\n<p><img data-recalc-dims=\"1\" loading=\"lazy\" decoding=\"async\" class=\"aligncenter size-full wp-image-55422\" src=\"https:\/\/i0.wp.com\/www.o-p-i.fr\/parlonsen\/wp-content\/uploads\/loto-salv.jpg?resize=624%2C883&#038;ssl=1\" alt=\"\" width=\"624\" height=\"883\" srcset=\"https:\/\/i0.wp.com\/www.o-p-i.fr\/parlonsen\/wp-content\/uploads\/loto-salv.jpg?w=624&amp;ssl=1 624w, https:\/\/i0.wp.com\/www.o-p-i.fr\/parlonsen\/wp-content\/uploads\/loto-salv.jpg?resize=212%2C300&amp;ssl=1 212w, https:\/\/i0.wp.com\/www.o-p-i.fr\/parlonsen\/wp-content\/uploads\/loto-salv.jpg?resize=400%2C566&amp;ssl=1 400w, https:\/\/i0.wp.com\/www.o-p-i.fr\/parlonsen\/wp-content\/uploads\/loto-salv.jpg?resize=430%2C608&amp;ssl=1 430w, https:\/\/i0.wp.com\/www.o-p-i.fr\/parlonsen\/wp-content\/uploads\/loto-salv.jpg?resize=150%2C212&amp;ssl=1 150w, https:\/\/i0.wp.com\/www.o-p-i.fr\/parlonsen\/wp-content\/uploads\/loto-salv.jpg?resize=100%2C142&amp;ssl=1 100w\" sizes=\"auto, (max-width: 624px) 100vw, 624px\" \/><\/p>\n<p><em>Information communiqu\u00e9e par Fr\u00e9d\u00e9rique MASSAT<\/em><\/p>\n<p><a href=\"https:\/\/www.o-p-i.fr\/aupays\/au-pays\/agenda\/\">Retrouvez tous les \u00e9v\u00e9nements dans l&rsquo;agenda !<\/a><\/p>\n","protected":false},"excerpt":{"rendered":"<div class=\"mh-excerpt\">aLundi 7 ao\u00fbt 2023, \u00e0 21h., sur les All\u00e9es Jean Jaur\u00e8s<\/div>\n","protected":false},"author":4,"featured_media":0,"comment_status":"open","ping_status":"open","sticky":false,"template":"","format":"standard","meta":{"om_disable_all_campaigns":false,"advanced_seo_description":"","jetpack_seo_html_title":"","jetpack_seo_noindex":false,"_jetpack_memberships_contains_paid_content":false,"footnotes":"","_links_to":"","_links_to_target":""},"categories":[54,6,25,5390],"tags":[2548,193,634,2908],"class_list":{"0":"post-55421","1":"post","2":"type-post","3":"status-publish","4":"format-standard","6":"category-loisirs","7":"category-pratique","8":"category-salvagnac","9":"category-n-209-aout-2023","10":"tag-salvagnac","11":"tag-loto","12":"tag-ccas","13":"tag-buvette"},"jetpack_featured_media_url":"","views":{"total":0,"cached_at":"","cached_date":1738172006},"jetpack_likes_enabled":true,"jetpack_sharing_enabled":true,"jetpack_shortlink":"https:\/\/wp.me\/pg7Wxj-epT","jetpack-related-posts":[],"_links":{"self":[{"href":"https:\/\/www.o-p-i.fr\/parlonsen\/wp-json\/wp\/v2\/posts\/55421","targetHints":{"allow":["GET"]}}],"collection":[{"href":"https:\/\/www.o-p-i.fr\/parlonsen\/wp-json\/wp\/v2\/posts"}],"about":[{"href":"https:\/\/www.o-p-i.fr\/parlonsen\/wp-json\/wp\/v2\/types\/post"}],"author":[{"embeddable":true,"href":"https:\/\/www.o-p-i.fr\/parlonsen\/wp-json\/wp\/v2\/users\/4"}],"replies":[{"embeddable":true,"href":"https:\/\/www.o-p-i.fr\/parlonsen\/wp-json\/wp\/v2\/comments?post=55421"}],"version-history":[{"count":0,"href":"https:\/\/www.o-p-i.fr\/parlonsen\/wp-json\/wp\/v2\/posts\/55421\/revisions"}],"wp:attachment":[{"href":"https:\/\/www.o-p-i.fr\/parlonsen\/wp-json\/wp\/v2\/media?parent=55421"}],"wp:term":[{"taxonomy":"category","embeddable":true,"href":"https:\/\/www.o-p-i.fr\/parlonsen\/wp-json\/wp\/v2\/categories?post=55421"},{"taxonomy":"post_tag","embeddable":true,"href":"https:\/\/www.o-p-i.fr\/parlonsen\/wp-json\/wp\/v2\/tags?post=55421"}],"curies":[{"name":"wp","href":"https:\/\/api.w.org\/{rel}","templated":true}]}}