{"id":55484,"date":"2023-08-03T21:52:02","date_gmt":"2023-08-03T20:52:02","guid":{"rendered":"https:\/\/www.o-p-i.fr\/parlonsen\/?p=55484"},"modified":"2023-08-03T21:52:02","modified_gmt":"2023-08-03T20:52:02","slug":"animation-par-le-reveil-occitan-a-monclar-de-quercy-82","status":"publish","type":"post","link":"https:\/\/www.o-p-i.fr\/parlonsen\/parlons-en\/pratique\/animation-par-le-reveil-occitan-a-monclar-de-quercy-82\/","title":{"rendered":"Animation par \u00ab\u00a0Le R\u00e9veil Occitan\u00a0\u00bb&#8230;\u00e0 Monclar de Quercy (82)"},"content":{"rendered":"<p><strong>Dimanche 20 ao\u00fbt 2023,<\/strong> de 10h. \u00e0 17h, place des Capitouls. <!--more--><\/p>\n<p>Animation musicale<br \/>\nLe 20 ao\u00fbt \u00e0 partir de 10 h animation musicale anim\u00e9e par C. BOUYGUES<\/p>\n<p>et jeux anciens. Organis\u00e9 par le R\u00e9veil Occitan.<\/p>\n<ul>\n<li>Date de l&rsquo;\u00e9v\u00e9nement : <strong>Dimanche 20 ao\u00fbt 2023<\/strong><\/li>\n<li>Horaires : 10h. \u00e0 17h.<\/li>\n<li>Pour y aller : Place des Capitouls 82230-Monclar de Quercy<\/li>\n<li>Tarifs : gratuit<\/li>\n<li>Organisateur : R\u00e9veil Occitan<\/li>\n<\/ul>\n<p><em>Information communiqu\u00e9e par Jeanine ASTORG<\/em><\/p>\n<p><a href=\"https:\/\/www.o-p-i.fr\/aupays\/au-pays\/agenda\/\">Retrouvez tous les \u00e9v\u00e9nements dans l&rsquo;agenda !<\/a><\/p>\n","protected":false},"excerpt":{"rendered":"<div class=\"mh-excerpt\">Dimanche 20 ao\u00fbt 2023, de 10h. \u00e0 17h, place des Capitouls.<\/div>\n","protected":false},"author":4,"featured_media":0,"comment_status":"open","ping_status":"open","sticky":false,"template":"","format":"standard","meta":{"om_disable_all_campaigns":false,"advanced_seo_description":"","jetpack_seo_html_title":"","jetpack_seo_noindex":false,"_jetpack_memberships_contains_paid_content":false,"footnotes":"","_links_to":"","_links_to_target":""},"categories":[16,54,6,5390],"tags":[143,145,838,5609],"class_list":{"0":"post-55484","1":"post","2":"type-post","3":"status-publish","4":"format-standard","6":"category-monclar","7":"category-loisirs","8":"category-pratique","9":"category-n-209-aout-2023","10":"tag-monclar-de-quercy","11":"tag-animation","12":"tag-reveil-occitan","13":"tag-jeux-bois"},"jetpack_featured_media_url":"","views":{"total":0,"cached_at":"","cached_date":1738422310},"jetpack_likes_enabled":true,"jetpack_sharing_enabled":true,"jetpack_shortlink":"https:\/\/wp.me\/pg7Wxj-eqU","jetpack-related-posts":[],"_links":{"self":[{"href":"https:\/\/www.o-p-i.fr\/parlonsen\/wp-json\/wp\/v2\/posts\/55484","targetHints":{"allow":["GET"]}}],"collection":[{"href":"https:\/\/www.o-p-i.fr\/parlonsen\/wp-json\/wp\/v2\/posts"}],"about":[{"href":"https:\/\/www.o-p-i.fr\/parlonsen\/wp-json\/wp\/v2\/types\/post"}],"author":[{"embeddable":true,"href":"https:\/\/www.o-p-i.fr\/parlonsen\/wp-json\/wp\/v2\/users\/4"}],"replies":[{"embeddable":true,"href":"https:\/\/www.o-p-i.fr\/parlonsen\/wp-json\/wp\/v2\/comments?post=55484"}],"version-history":[{"count":0,"href":"https:\/\/www.o-p-i.fr\/parlonsen\/wp-json\/wp\/v2\/posts\/55484\/revisions"}],"wp:attachment":[{"href":"https:\/\/www.o-p-i.fr\/parlonsen\/wp-json\/wp\/v2\/media?parent=55484"}],"wp:term":[{"taxonomy":"category","embeddable":true,"href":"https:\/\/www.o-p-i.fr\/parlonsen\/wp-json\/wp\/v2\/categories?post=55484"},{"taxonomy":"post_tag","embeddable":true,"href":"https:\/\/www.o-p-i.fr\/parlonsen\/wp-json\/wp\/v2\/tags?post=55484"}],"curies":[{"name":"wp","href":"https:\/\/api.w.org\/{rel}","templated":true}]}}