{"id":5550,"date":"2010-10-27T18:21:29","date_gmt":"2010-10-27T16:21:29","guid":{"rendered":"\/parlonsen\/?p=5550"},"modified":"2010-10-27T18:21:29","modified_gmt":"2010-10-27T16:21:29","slug":"presentation-publique-de-linventaire-du-patrimoine-de-verlhac-tescou","status":"publish","type":"post","link":"https:\/\/www.o-p-i.fr\/parlonsen\/parlons-en\/culture\/presentation-publique-de-linventaire-du-patrimoine-de-verlhac-tescou\/","title":{"rendered":"Pr\u00e9sentation publique de l&rsquo;inventaire du patrimoine de Verlhac-Tescou"},"content":{"rendered":"<p style=\"text-align: justify;\">La pr\u00e9sentation de l<span style=\"color: #333300;\"><strong>\u2019inventaire du patrimoine b\u00e2ti de la commune de Verlhac-Tescou<\/strong><\/span>, aura lieu le<span style=\"color: #333300;\"><strong> jeudi 4 novembre \u00e0 20h30<\/strong><\/span>, \u00e0 la salle des f\u00eates (entr\u00e9e libre).<!--more--><\/p>\n<p style=\"text-align: justify;\">\n<figure id=\"attachment_5551\" aria-describedby=\"caption-attachment-5551\" style=\"width: 317px\" class=\"wp-caption alignright\"><img data-recalc-dims=\"1\" loading=\"lazy\" decoding=\"async\" class=\"size-full wp-image-5551\" title=\"Verlhac-Tescou (82)\" src=\"https:\/\/i0.wp.com\/www.o-p-i.fr\/parlonsen\/wp-content\/uploads\/affiche_verlhac.jpg?resize=317%2C448&#038;ssl=1\" alt=\"Verlhac-Tescou (82)\" width=\"317\" height=\"448\" srcset=\"https:\/\/i0.wp.com\/www.o-p-i.fr\/parlonsen\/wp-content\/uploads\/affiche_verlhac.jpg?w=317&amp;ssl=1 317w, https:\/\/i0.wp.com\/www.o-p-i.fr\/parlonsen\/wp-content\/uploads\/affiche_verlhac.jpg?resize=212%2C300&amp;ssl=1 212w\" sizes=\"auto, (max-width: 317px) 100vw, 317px\" \/><figcaption id=\"caption-attachment-5551\" class=\"wp-caption-text\">Verlhac-Tescou (82)<\/figcaption><\/figure>\n<p>Elle est organis\u00e9e par le Pays Midi-Quercy qui r\u00e9alise, en partenariat avec le Conseil r\u00e9gional de Midi-Pyr\u00e9n\u00e9es et le Conseil g\u00e9n\u00e9ral de Tarn-et-Garonne, l\u2019inventaire du patrimoine b\u00e2ti de son territoire.<\/p>\n<p style=\"text-align: justify;\">Suite \u00e0 un travail de 4 mois, Ana\u00efs Comet, charg\u00e9e de mission du service Inventaire du Patrimoine, pr\u00e9sentera sous la forme d\u2019un diaporama les caract\u00e9ristiques et les \u00e9l\u00e9ments insolites du patrimoine de cette petite commune qui repr\u00e9sente une partie de l\u2019ensemble documentaire qu\u2019elle a constitu\u00e9 et qui sera mis en ligne sur Internet.<\/p>\n<p style=\"text-align: justify;\">Elle \u00e9voquera ainsi la particularit\u00e9 de Verlhac-Tescou qui est une commune au pass\u00e9 riche et complexe dont le village a \u00e9t\u00e9 d\u00e9plac\u00e9 plusieurs fois, au cours de l\u2019histoire. De nombreux \u00e9difices conservent des \u00e9l\u00e9ments qui remontent parfois jusqu\u2019au Moyen Age. Parmi les fermes et les demeures \u00e9tudi\u00e9es, certaines pr\u00e9sentent des traits communs forts qui permettent de s\u2019interroger sur leurs commanditaires et entrepreneurs. D\u2019autres \u00e9difices sont uniques tant par leur historicit\u00e9 que par leur mise en \u0153uvre. Il vous sera montr\u00e9 tout cela au cours de la soir\u00e9e.<\/p>\n<p style=\"text-align: justify;\">Cette pr\u00e9sentation se poursuivra par un \u00e9change autour d\u2019un rafra\u00eechissement offert par la municipalit\u00e9.<\/p>\n<p style=\"text-align: justify;\"><span style=\"color: #333300;\"><strong>Contact :\u00a0 Syndicat Mixte du Pays Midi-Quercy<\/strong><\/span><br \/>\n<span style=\"color: #333300;\">Place de la Poste &#8211; Avenue du P\u00e8re Huc<br \/>\n82160 CAYLUS<br \/>\nT\u00e9l : 05.63.67.74.95<br \/>\nFax : 05.63.24.60.65<br \/>\nCourriel : <a href=\"mailto:pradier.inventaire-pmq@orange.fr\">pradier.inventaire-pmq@orange.fr<\/a><br \/>\nSite internet : <a title=\"Ouvre le site dans une nouvelle fen\u00eatre\" href=\"http:\/\/www.midi-quercy.fr\/\" target=\"_blank\">www.midi-quercy.fr<\/a><\/span><\/p>\n<p style=\"text-align: justify;\">Soyez curieux, visionnez les donn\u00e9es de l&rsquo;inventaire :<br \/>\n<a title=\"Ouvre le site dans une nouvelle fen\u00eatre\" href=\"http:\/\/patrimoines.midipyrenees.fr\/fr\/connaitre\/index.html\" target=\"_blank\">http:\/\/patrimoines.midipyrenees.fr\/fr\/connaitre\/index.html<\/a><\/p>\n<p style=\"text-align: justify;\"><em>Communiqu\u00e9 de Sandrine PRADIER, Chef de Projet Service Inventaire du Patrimoine<\/em><\/p>\n<p style=\"text-align: justify;\"><a href=\"https:\/\/www.o-p-i.fr\/parlonsen\/agenda\/\"><strong>Retrouvez tous les \u00e9v\u00e8nements dans l&rsquo;agenda !<\/strong><\/a><\/p>\n","protected":false},"excerpt":{"rendered":"<div class=\"mh-excerpt\">La pr\u00e9sentation de l\u2019inventaire du patrimoine b\u00e2ti de la commune de Verlhac-Tescou, aura lieu le jeudi 4 novembre \u00e0 20h30, \u00e0 la salle des f\u00eates (entr\u00e9e libre).<\/div>\n","protected":false},"author":2,"featured_media":0,"comment_status":"open","ping_status":"open","sticky":false,"template":"","format":"standard","meta":{"om_disable_all_campaigns":false,"advanced_seo_description":"","jetpack_seo_html_title":"","jetpack_seo_noindex":false,"_jetpack_memberships_contains_paid_content":false,"footnotes":"","_links_to":"","_links_to_target":""},"categories":[1,27,708],"tags":[2550,228,500],"class_list":{"0":"post-5550","1":"post","2":"type-post","3":"status-publish","4":"format-standard","6":"category-culture","7":"category-verlhac-tescou","8":"category-n54-octobre-2010","9":"tag-verlhac-tescou","10":"tag-patrimoine","11":"tag-inventaire"},"jetpack_featured_media_url":"","views":{"total":0,"cached_at":"","cached_date":1738444973},"jetpack_likes_enabled":true,"jetpack_sharing_enabled":true,"jetpack_shortlink":"https:\/\/wp.me\/pg7Wxj-1rw","jetpack-related-posts":[],"_links":{"self":[{"href":"https:\/\/www.o-p-i.fr\/parlonsen\/wp-json\/wp\/v2\/posts\/5550","targetHints":{"allow":["GET"]}}],"collection":[{"href":"https:\/\/www.o-p-i.fr\/parlonsen\/wp-json\/wp\/v2\/posts"}],"about":[{"href":"https:\/\/www.o-p-i.fr\/parlonsen\/wp-json\/wp\/v2\/types\/post"}],"author":[{"embeddable":true,"href":"https:\/\/www.o-p-i.fr\/parlonsen\/wp-json\/wp\/v2\/users\/2"}],"replies":[{"embeddable":true,"href":"https:\/\/www.o-p-i.fr\/parlonsen\/wp-json\/wp\/v2\/comments?post=5550"}],"version-history":[{"count":0,"href":"https:\/\/www.o-p-i.fr\/parlonsen\/wp-json\/wp\/v2\/posts\/5550\/revisions"}],"wp:attachment":[{"href":"https:\/\/www.o-p-i.fr\/parlonsen\/wp-json\/wp\/v2\/media?parent=5550"}],"wp:term":[{"taxonomy":"category","embeddable":true,"href":"https:\/\/www.o-p-i.fr\/parlonsen\/wp-json\/wp\/v2\/categories?post=5550"},{"taxonomy":"post_tag","embeddable":true,"href":"https:\/\/www.o-p-i.fr\/parlonsen\/wp-json\/wp\/v2\/tags?post=5550"}],"curies":[{"name":"wp","href":"https:\/\/api.w.org\/{rel}","templated":true}]}}