{"id":55540,"date":"2023-08-16T09:53:49","date_gmt":"2023-08-16T08:53:49","guid":{"rendered":"https:\/\/www.o-p-i.fr\/parlonsen\/?p=55540"},"modified":"2023-08-16T10:07:46","modified_gmt":"2023-08-16T09:07:46","slug":"portes-ouvertes-a-lecurie-de-bassoul-monclar-de-quercy-82","status":"publish","type":"post","link":"https:\/\/www.o-p-i.fr\/parlonsen\/parlons-en\/pratique\/portes-ouvertes-a-lecurie-de-bassoul-monclar-de-quercy-82\/","title":{"rendered":"Portes Ouvertes \u00e0 l&rsquo;Ecurie de Bassoul&#8230; Monclar de Quercy (82)"},"content":{"rendered":"<p><strong>Dimanche 10 septembre 2023<\/strong>, de 14h.30 \u00e0 17h.<!--more--><\/p>\n<p><img data-recalc-dims=\"1\" loading=\"lazy\" decoding=\"async\" class=\"aligncenter size-full wp-image-55541\" src=\"https:\/\/i0.wp.com\/www.o-p-i.fr\/parlonsen\/wp-content\/uploads\/Bassoul-1.jpg?resize=624%2C883&#038;ssl=1\" alt=\"\" width=\"624\" height=\"883\" srcset=\"https:\/\/i0.wp.com\/www.o-p-i.fr\/parlonsen\/wp-content\/uploads\/Bassoul-1.jpg?w=624&amp;ssl=1 624w, https:\/\/i0.wp.com\/www.o-p-i.fr\/parlonsen\/wp-content\/uploads\/Bassoul-1.jpg?resize=212%2C300&amp;ssl=1 212w, https:\/\/i0.wp.com\/www.o-p-i.fr\/parlonsen\/wp-content\/uploads\/Bassoul-1.jpg?resize=400%2C566&amp;ssl=1 400w, https:\/\/i0.wp.com\/www.o-p-i.fr\/parlonsen\/wp-content\/uploads\/Bassoul-1.jpg?resize=430%2C608&amp;ssl=1 430w, https:\/\/i0.wp.com\/www.o-p-i.fr\/parlonsen\/wp-content\/uploads\/Bassoul-1.jpg?resize=150%2C212&amp;ssl=1 150w, https:\/\/i0.wp.com\/www.o-p-i.fr\/parlonsen\/wp-content\/uploads\/Bassoul-1.jpg?resize=100%2C142&amp;ssl=1 100w\" sizes=\"auto, (max-width: 624px) 100vw, 624px\" \/>Install\u00e9e depuis fin 2019 sur la Commune de Monclar de Quercy, j&rsquo;organise aux \u00e9curies une journ\u00e9e portes ouvertes.<br \/>\nJe reste \u00e0 votre disposition pour de plus amples informations si n\u00e9cessaire.<br \/>\nMme Marilyne Pass\u00e9 propri\u00e9taire et monitrice BPJEPS tourisme \u00c9questre<br \/>\nt\u00e9l: 06 82 28 70 66<br \/>\n\u00c9curies de Bassoul<br \/>\n1215 route de la valade<br \/>\n82230 Monclar de Quercy<\/p>\n<p><em>Information communiqu\u00e9e par l&rsquo;Ecurie de Bassoul<\/em><\/p>\n<p><a href=\"https:\/\/www.o-p-i.fr\/aupays\/au-pays\/agenda\/\">Retrouvez tous les \u00e9v\u00e9nements dans l&rsquo;agenda !<\/a><\/p>\n","protected":false},"excerpt":{"rendered":"<div class=\"mh-excerpt\">Dimanche 10 septembre 2023, de 14h.30 \u00e0 17h.<\/div>\n","protected":false},"author":4,"featured_media":0,"comment_status":"open","ping_status":"open","sticky":false,"template":"","format":"standard","meta":{"om_disable_all_campaigns":false,"advanced_seo_description":"","jetpack_seo_html_title":"","jetpack_seo_noindex":false,"_jetpack_memberships_contains_paid_content":false,"footnotes":"","_links_to":"","_links_to_target":""},"categories":[16,54,6,5527],"tags":[143,484,5262],"class_list":{"0":"post-55540","1":"post","2":"type-post","3":"status-publish","4":"format-standard","6":"category-monclar","7":"category-loisirs","8":"category-pratique","9":"category-n-210-septembre-2023","10":"tag-monclar-de-quercy","11":"tag-portes-ouvertes","12":"tag-ecurie-de-bassoul"},"jetpack_featured_media_url":"","views":{"total":1,"cached_at":"","cached_date":1738146213},"jetpack_likes_enabled":true,"jetpack_sharing_enabled":true,"jetpack_shortlink":"https:\/\/wp.me\/pg7Wxj-erO","jetpack-related-posts":[],"_links":{"self":[{"href":"https:\/\/www.o-p-i.fr\/parlonsen\/wp-json\/wp\/v2\/posts\/55540","targetHints":{"allow":["GET"]}}],"collection":[{"href":"https:\/\/www.o-p-i.fr\/parlonsen\/wp-json\/wp\/v2\/posts"}],"about":[{"href":"https:\/\/www.o-p-i.fr\/parlonsen\/wp-json\/wp\/v2\/types\/post"}],"author":[{"embeddable":true,"href":"https:\/\/www.o-p-i.fr\/parlonsen\/wp-json\/wp\/v2\/users\/4"}],"replies":[{"embeddable":true,"href":"https:\/\/www.o-p-i.fr\/parlonsen\/wp-json\/wp\/v2\/comments?post=55540"}],"version-history":[{"count":0,"href":"https:\/\/www.o-p-i.fr\/parlonsen\/wp-json\/wp\/v2\/posts\/55540\/revisions"}],"wp:attachment":[{"href":"https:\/\/www.o-p-i.fr\/parlonsen\/wp-json\/wp\/v2\/media?parent=55540"}],"wp:term":[{"taxonomy":"category","embeddable":true,"href":"https:\/\/www.o-p-i.fr\/parlonsen\/wp-json\/wp\/v2\/categories?post=55540"},{"taxonomy":"post_tag","embeddable":true,"href":"https:\/\/www.o-p-i.fr\/parlonsen\/wp-json\/wp\/v2\/tags?post=55540"}],"curies":[{"name":"wp","href":"https:\/\/api.w.org\/{rel}","templated":true}]}}