{"id":55645,"date":"2023-08-31T22:07:30","date_gmt":"2023-08-31T21:07:30","guid":{"rendered":"https:\/\/www.o-p-i.fr\/parlonsen\/?p=55645"},"modified":"2023-08-31T22:20:04","modified_gmt":"2023-08-31T21:20:04","slug":"les-4-ans-du-cafe-au-bord-du-monde-et-lassociation-karavane-a-salvagnac-81","status":"publish","type":"post","link":"https:\/\/www.o-p-i.fr\/parlonsen\/localisation\/au-pays-des-tescous\/salvagnac\/les-4-ans-du-cafe-au-bord-du-monde-et-lassociation-karavane-a-salvagnac-81\/","title":{"rendered":"Les 4 ans du Caf\u00e9 Au Bord Du Monde et l&rsquo;association KARAVANE&#8230; \u00e0 Salvagnac (81)"},"content":{"rendered":"<p><strong>Samedi 9 et dimanche 10 septembre 2023,<\/strong> voir le programme: <!--more--><\/p>\n<p>Le Caf\u00e9 Au Bord Du Monde et l&rsquo;association KARAVANE f\u00eatent leurs 4 ans !!<\/p>\n<p>Septembre est un mois important, il marque l&rsquo;anniversaire commun du Caf\u00e9 AU BORD DU MONDE et de l&rsquo;association KARAVANE !<\/p>\n<p>Voil\u00e0 4 ans que nous avan\u00e7ons ensemble pour apporter une pierre a l&rsquo;\u00e9difice de la convivialit\u00e9 en milieu rural, la culture, la rencontre, les \u00e9changes et les \u00e9motions. Et sans rougir !<\/p>\n<p>Pour f\u00eater ces nombreuses \u00e9nergies, le Caf\u00e9 ABDM &amp; Karavane vous invitent les 9 &amp; 10 septembre 2023, afin de festoyer ensemble cette nouvelle ann\u00e9e, cette nouvelle rentr\u00e9e<\/p>\n<h3><img data-recalc-dims=\"1\" loading=\"lazy\" decoding=\"async\" class=\"alignright size-full wp-image-55646\" src=\"https:\/\/i0.wp.com\/www.o-p-i.fr\/parlonsen\/wp-content\/uploads\/cochons.jpg?resize=425%2C319&#038;ssl=1\" alt=\"\" width=\"425\" height=\"319\" srcset=\"https:\/\/i0.wp.com\/www.o-p-i.fr\/parlonsen\/wp-content\/uploads\/cochons.jpg?w=425&amp;ssl=1 425w, https:\/\/i0.wp.com\/www.o-p-i.fr\/parlonsen\/wp-content\/uploads\/cochons.jpg?resize=300%2C225&amp;ssl=1 300w, https:\/\/i0.wp.com\/www.o-p-i.fr\/parlonsen\/wp-content\/uploads\/cochons.jpg?resize=400%2C300&amp;ssl=1 400w, https:\/\/i0.wp.com\/www.o-p-i.fr\/parlonsen\/wp-content\/uploads\/cochons.jpg?resize=150%2C113&amp;ssl=1 150w, https:\/\/i0.wp.com\/www.o-p-i.fr\/parlonsen\/wp-content\/uploads\/cochons.jpg?resize=100%2C75&amp;ssl=1 100w\" sizes=\"auto, (max-width: 425px) 100vw, 425px\" \/>\u00a0[SAMEDI 9 septembre 2023]<\/h3>\n<p>\u00e0 partir de 18h<\/p>\n<p>\u25ba SELFIMATIK &#8211; Surface sensible<br \/>\nUne borne a photomaton argentique par Dine &amp; Flo<br \/>\nsurface_sensible_<\/p>\n<p>\u25ba COCHONS A LA BROCHE<br \/>\nPar l&rsquo;\u00e9quipe de Rock&rsquo;n toque, l&rsquo;excellente cuisine culianire du RABASTOCK !<br \/>\nVenez vous r\u00e9galer&#8230;<\/p>\n<p>\u25ba Du pain et des jeux du Caf\u00e9 en libre acc\u00e8s: Table de ping-pong et babyfoot sur les All\u00e9es !<\/p>\n<p>\u25ba DJ YoY<br \/>\nMix pour ambiancer le repas avec du son groove incrust\u00e9 sur ses vinyles !<\/p>\n<p>\u25ba LA SVERY MOBILE<br \/>\nDe la s\u00e9rigraphie sur 2 pattes par l&rsquo;Insoloutre Apportez vos t-shirts<\/p>\n<p>\u25ba ACCESS CREW en concert<br \/>\nQuintet Funk disco venu tout droit de Toulouse<br \/>\navec:<br \/>\nChant: Ginette<br \/>\nClavier: Gaspashow<br \/>\nGuitare: Nicole Kitschman<br \/>\nBasse: Maug<br \/>\nBatterie: Averell<\/p>\n<p>\u25ba Dj YoY sera aux platines pour continuer la soir\u00e9e avec du son groove incrust\u00e9 sur ses vinyles !<\/p>\n<h3><img data-recalc-dims=\"1\" loading=\"lazy\" decoding=\"async\" class=\"alignright size-full wp-image-55647\" src=\"https:\/\/i0.wp.com\/www.o-p-i.fr\/parlonsen\/wp-content\/uploads\/cafe-1.jpg?resize=425%2C412&#038;ssl=1\" alt=\"\" width=\"425\" height=\"412\" \/>[DIMANCHE 10 septembre 2023]<\/h3>\n<p>A partir de 11h<\/p>\n<p>\u25ba Ap\u00e9ro chill avec DJ YoY qui n&rsquo;auras pas encore dormi !<\/p>\n<p>\u25ba PLANCH&rsquo;A PLANCH&rsquo;B avec notre Chef Bruno aux grillades<\/p>\n<p>\u25ba \u00ab\u00a0LES TAPAS\u00a0\u00bb<br \/>\nSpectacle amuse-gueules muets et burlesque par la Cie CARNAGE PRODUCTION<br \/>\nTout public &#8211; Au chapeau<br \/>\ncarnageproductions.fr<\/p>\n<p>Malgr\u00e9 les recommandations de leurs proches, Les Tapas, \u00e9blouis par le miroir aux alouettes des galas cathodiques, ont tout quitt\u00e9 pour se lancer dans le spectacle vivant, et pire encore, dans le Th\u00e9\u00e2tre de Rue.<br \/>\nForains d&rsquo;un nouveau genre, Les Tapas perp\u00e9tuent avec tendresse et po\u00e9sie la tradition du burlesque muet \u00e0 leur sauce et r\u00e9ussissent parfois, dans un instant de gr\u00e2ce, \u00e0 ne pas rater leur num\u00e9ro.<br \/>\nFaute de br\u00fbler les planches, ils \u00e9cument le bitume.<br \/>\nDe et avec : B\u00e9rang\u00e8re D\u00e9m\u00e9autis et J\u00e9r\u00f4me Jolicart \/<br \/>\nMise en sc\u00e8ne : St\u00e9phane Filloque et Martin Petitguyot<br \/>\nDur\u00e9e : 45 minutes<\/p>\n<p>______________________<\/p>\n<p>INFOS PRATIQUES<\/p>\n<p>\u25bcOuvert \u00e0 tous-tes<\/p>\n<p>\ud83d\udccd Plein air &#8211; Caf\u00e9 Au bord du monde, Salvagnac, Tarn<\/p>\n<p>\u20ac \u25baParticipation de 4\u20ac pour les selfies argentiques<\/p>\n<p>\u25ba Participation libre au chapeau pour la s\u00e9rigraphie, le concert et le spectacle<\/p>\n<div><img data-recalc-dims=\"1\" loading=\"lazy\" decoding=\"async\" class=\"alignleft size-full wp-image-46799\" src=\"https:\/\/i0.wp.com\/www.o-p-i.fr\/parlonsen\/wp-content\/uploads\/Bord-monde.jpg?resize=227%2C226&#038;ssl=1\" alt=\"\" width=\"227\" height=\"226\" srcset=\"https:\/\/i0.wp.com\/www.o-p-i.fr\/parlonsen\/wp-content\/uploads\/Bord-monde.jpg?w=227&amp;ssl=1 227w, https:\/\/i0.wp.com\/www.o-p-i.fr\/parlonsen\/wp-content\/uploads\/Bord-monde.jpg?resize=150%2C150&amp;ssl=1 150w\" sizes=\"auto, (max-width: 227px) 100vw, 227px\" \/>12 All\u00e9es Jean Jaur\u00e8s, 81630 Salvagnac<\/div>\n<div>\n<div dir=\"ltr\">\n<div>05 63 55 14 52<\/div>\n<\/div>\n<\/div>\n<p><em>Information communiqu\u00e9e par le caf\u00e9 Au Bord Du Monde<\/em><\/p>\n<p><a href=\"https:\/\/www.o-p-i.fr\/aupays\/au-pays\/agenda\/\">Retrouvez tous les \u00e9v\u00e9nements dans l&rsquo;agenda !<\/a><\/p>\n","protected":false},"excerpt":{"rendered":"<div class=\"mh-excerpt\">Samedi 9 et dimanche 10 septembre 2023, voir le programme:<\/div>\n","protected":false},"author":4,"featured_media":0,"comment_status":"open","ping_status":"open","sticky":false,"template":"","format":"standard","meta":{"om_disable_all_campaigns":false,"advanced_seo_description":"","jetpack_seo_html_title":"","jetpack_seo_noindex":false,"_jetpack_memberships_contains_paid_content":false,"footnotes":"","_links_to":"","_links_to_target":""},"categories":[52,51,54,25,5527],"tags":[2548,83,3267,3830,3903],"class_list":{"0":"post-55645","1":"post","2":"type-post","3":"status-publish","4":"format-standard","6":"category-parlons-en","7":"category-artisanat","8":"category-loisirs","9":"category-salvagnac","10":"category-n-210-septembre-2023","11":"tag-salvagnac","12":"tag-anniversaire","13":"tag-cochon-grille","14":"tag-cafe-au-bord-du-monde","15":"tag-karavane"},"jetpack_featured_media_url":"","views":{"total":0,"cached_at":"","cached_date":1738493164},"jetpack_likes_enabled":true,"jetpack_sharing_enabled":true,"jetpack_shortlink":"https:\/\/wp.me\/pg7Wxj-etv","jetpack-related-posts":[],"_links":{"self":[{"href":"https:\/\/www.o-p-i.fr\/parlonsen\/wp-json\/wp\/v2\/posts\/55645","targetHints":{"allow":["GET"]}}],"collection":[{"href":"https:\/\/www.o-p-i.fr\/parlonsen\/wp-json\/wp\/v2\/posts"}],"about":[{"href":"https:\/\/www.o-p-i.fr\/parlonsen\/wp-json\/wp\/v2\/types\/post"}],"author":[{"embeddable":true,"href":"https:\/\/www.o-p-i.fr\/parlonsen\/wp-json\/wp\/v2\/users\/4"}],"replies":[{"embeddable":true,"href":"https:\/\/www.o-p-i.fr\/parlonsen\/wp-json\/wp\/v2\/comments?post=55645"}],"version-history":[{"count":0,"href":"https:\/\/www.o-p-i.fr\/parlonsen\/wp-json\/wp\/v2\/posts\/55645\/revisions"}],"wp:attachment":[{"href":"https:\/\/www.o-p-i.fr\/parlonsen\/wp-json\/wp\/v2\/media?parent=55645"}],"wp:term":[{"taxonomy":"category","embeddable":true,"href":"https:\/\/www.o-p-i.fr\/parlonsen\/wp-json\/wp\/v2\/categories?post=55645"},{"taxonomy":"post_tag","embeddable":true,"href":"https:\/\/www.o-p-i.fr\/parlonsen\/wp-json\/wp\/v2\/tags?post=55645"}],"curies":[{"name":"wp","href":"https:\/\/api.w.org\/{rel}","templated":true}]}}