{"id":55665,"date":"2023-09-01T00:00:39","date_gmt":"2023-08-31T23:00:39","guid":{"rendered":"https:\/\/www.o-p-i.fr\/parlonsen\/?p=55665"},"modified":"2023-09-01T00:00:39","modified_gmt":"2023-08-31T23:00:39","slug":"ou-donner-son-sang-dans-le-tarn-garonne-7","status":"publish","type":"post","link":"https:\/\/www.o-p-i.fr\/parlonsen\/parlons-en\/pratique\/ou-donner-son-sang-dans-le-tarn-garonne-7\/","title":{"rendered":"O\u00f9 donner son sang dans le TARN &#038; GARONNE"},"content":{"rendered":"<p><strong>AU MOIS DE SEPTEMBRE 2023<\/strong><!--more--><\/p>\n<ul>\n<li>\n<h4 style=\"text-align: center;\"><strong><a href=\"https:\/\/i0.wp.com\/www.o-p-i.fr\/aupays\/wp-content\/uploads\/E.F.S.-logo.jpg?ssl=1\"><img data-recalc-dims=\"1\" loading=\"lazy\" decoding=\"async\" class=\"alignright size-full wp-image-27081\" src=\"https:\/\/i0.wp.com\/www.o-p-i.fr\/aupays\/wp-content\/uploads\/E.F.S.-logo.jpg?resize=283%2C283&#038;ssl=1\" alt=\"\" width=\"283\" height=\"283\" \/><\/a><\/strong><\/h4>\n<p>La Maison du Don de Montauban<br \/>\n10 rue Docteur Alibert 82000 MONTAUBAN (parking donneurs)<br \/>\nTous les lundis de 10h \u00e0 13h et de 14h \u00e0 18h, les mercredis de 11h \u00e0 13h et de 14h \u00e0 19h<br \/>\net les 1ers samedis du mois de 9h \u00e0 13h<br \/>\nPrivil\u00e9giez la prise de rendez-vous sur dondesang.efs.sante.fr<\/li>\n<li>Les collectes mobiles dans le d\u00e9partement<br \/>\nPour savoir o\u00f9 donner ou prendre rendez-vous si vous le souhaitez, connectez-vous sur<br \/>\n<a href=\"http:\/\/dondesang.efs.sante.fr\" target=\"_blank\" rel=\"noopener\">dondesang.efs.sante.fr<\/a> ou sur l\u2019appli \u00ab Don de sang \u00bb.<\/p>\n<p><strong>LAFRAN\u00c7AISE<\/strong> \u2013 M\u00c9DIATH\u00c8QUE<br \/>\nVENDREDI 1er SEPTEMBRE De 15h \u00e0 19h<br \/>\n<strong>MONTECH<\/strong> \u2013 SALLE LAURIER<br \/>\nVENDREDI 15 SEPTEMBREDe 11h \u00e0 13h et de 15h \u00e0 19h<br \/>\n<strong>MOISSAC<\/strong> \u2013 ESPACE CONFLUENCES<br \/>\nLUNDI 18 SEPTEMBREDe 10h \u00e0 13h30<br \/>\nMARDI 19 SEPTEMBREDe 14h \u00e0 19h<br \/>\n<strong>VERDUN-SUR-GARONNE<\/strong> \u2013 SALLE DES F\u00caTES<br \/>\nMERCREDI 27 SEPTEMBRE De 14h \u00e0 19h<br \/>\n<strong>LABARTHE<\/strong> \u2013 SALLE DES F\u00caTES<br \/>\nVENDREDI 29 SEPTEMBRE De 15h \u00e0 19h<\/li>\n<\/ul>\n<p><strong>Contact :<\/strong><strong><img data-recalc-dims=\"1\" loading=\"lazy\" decoding=\"async\" class=\"wp-image-41523 alignright\" src=\"https:\/\/i0.wp.com\/www.o-p-i.fr\/parlonsen\/wp-content\/uploads\/EFS.jpg?resize=400%2C98&#038;ssl=1\" sizes=\"auto, (max-width: 400px) 100vw, 400px\" srcset=\"https:\/\/www.o-p-i.fr\/parlonsen\/wp-content\/uploads\/EFS.jpg 283w, https:\/\/www.o-p-i.fr\/parlonsen\/wp-content\/uploads\/EFS-150x37.jpg 150w\" alt=\"\" width=\"400\" height=\"98\" \/><\/strong><strong><br \/>\n<\/strong><b>D\u00e9borah Iragne<\/b><br \/>\nCourriel : <a href=\"mailto:Deborah.IRAGNE@efs.sante.fr\" target=\"_blank\" rel=\"noopener\">Deborah.IRAGNE@efs.sante.fr<\/a><br \/>\nT\u00e9l. : 0<b>6 63 30 88 22<\/b><\/p>\n<p><em>Information communiqu\u00e9e par D\u00e9borah IRAGNE<\/em><\/p>\n<p>&nbsp;<\/p>\n","protected":false},"excerpt":{"rendered":"<div class=\"mh-excerpt\">AU MOIS DE SEPTEMBRE 2023<\/div>\n","protected":false},"author":4,"featured_media":0,"comment_status":"open","ping_status":"open","sticky":false,"template":"","format":"standard","meta":{"om_disable_all_campaigns":false,"advanced_seo_description":"","jetpack_seo_html_title":"","jetpack_seo_noindex":false,"_jetpack_memberships_contains_paid_content":false,"footnotes":"","_links_to":"","_links_to_target":""},"categories":[828,58,291,6,5527],"tags":[81,1708,5639],"class_list":{"0":"post-55665","1":"post","2":"type-post","3":"status-publish","4":"format-standard","6":"category-au-pays-des-tescous","7":"category-sante","8":"category-solidarite","9":"category-pratique","10":"category-n-210-septembre-2023","11":"tag-tarn-et-garonne","12":"tag-don-du-sang","13":"tag-septembre-2023"},"jetpack_featured_media_url":"","views":{"total":0,"cached_at":"","cached_date":1738405222},"jetpack_likes_enabled":true,"jetpack_sharing_enabled":true,"jetpack_shortlink":"https:\/\/wp.me\/pg7Wxj-etP","jetpack-related-posts":[],"_links":{"self":[{"href":"https:\/\/www.o-p-i.fr\/parlonsen\/wp-json\/wp\/v2\/posts\/55665","targetHints":{"allow":["GET"]}}],"collection":[{"href":"https:\/\/www.o-p-i.fr\/parlonsen\/wp-json\/wp\/v2\/posts"}],"about":[{"href":"https:\/\/www.o-p-i.fr\/parlonsen\/wp-json\/wp\/v2\/types\/post"}],"author":[{"embeddable":true,"href":"https:\/\/www.o-p-i.fr\/parlonsen\/wp-json\/wp\/v2\/users\/4"}],"replies":[{"embeddable":true,"href":"https:\/\/www.o-p-i.fr\/parlonsen\/wp-json\/wp\/v2\/comments?post=55665"}],"version-history":[{"count":0,"href":"https:\/\/www.o-p-i.fr\/parlonsen\/wp-json\/wp\/v2\/posts\/55665\/revisions"}],"wp:attachment":[{"href":"https:\/\/www.o-p-i.fr\/parlonsen\/wp-json\/wp\/v2\/media?parent=55665"}],"wp:term":[{"taxonomy":"category","embeddable":true,"href":"https:\/\/www.o-p-i.fr\/parlonsen\/wp-json\/wp\/v2\/categories?post=55665"},{"taxonomy":"post_tag","embeddable":true,"href":"https:\/\/www.o-p-i.fr\/parlonsen\/wp-json\/wp\/v2\/tags?post=55665"}],"curies":[{"name":"wp","href":"https:\/\/api.w.org\/{rel}","templated":true}]}}