{"id":55774,"date":"2023-09-14T17:19:40","date_gmt":"2023-09-14T16:19:40","guid":{"rendered":"https:\/\/www.o-p-i.fr\/parlonsen\/?p=55774"},"modified":"2023-09-14T17:23:52","modified_gmt":"2023-09-14T16:23:52","slug":"livres-a-voir-au-tracteur-savant","status":"publish","type":"post","link":"https:\/\/www.o-p-i.fr\/parlonsen\/parlons-en\/culture\/livres-a-voir-au-tracteur-savant\/","title":{"rendered":"Livres \u00e0 voir&#8230; au Tracteur Savant"},"content":{"rendered":"<p><strong>Vendredi 15 septembre<\/strong> \u00e0 18h., <strong>lundi 2 octobre 2023<\/strong>, \u00e0 18h.30, voir le programme:\u00a0 <!--more--><\/p>\n<p>Pour la rentr\u00e9e, nous vous avons concoct\u00e9 deux rencontres.<\/p>\n<p>Nous sommes partenaires d&rsquo;une rencontre organis\u00e9e par l&rsquo;association \u00ab\u00a0Ici et maintenant\u00a0\u00bb. Matthieu Amiech, un des cr\u00e9ateurs de la maison d&rsquo;\u00e9dition <strong>La Lenteur<\/strong> viendra nous pr\u00e9senter son dernier livre \u00ab\u00a0L&rsquo;industrie du complotisme\u00a0\u00bb vendredi 15 septembre 2023 \u00e0 18h, salle des Thermes.<br \/>\nInformations compl\u00e9mentaires en<a href=\"https:\/\/letracteursavant.com\/rencontre-avec-matthieu-amiech-lindustrie-du-complotisme\/\" target=\"_blank\" rel=\"noopener\"> cliquant sur l&rsquo;image ci-dessous.<\/a><\/p>\n<p><a href=\"https:\/\/letracteursavant.com\/rencontre-avec-matthieu-amiech-lindustrie-du-complotisme\/\" target=\"_blank\" rel=\"noopener\"><img data-recalc-dims=\"1\" loading=\"lazy\" decoding=\"async\" class=\"aligncenter size-full wp-image-55775\" src=\"https:\/\/i0.wp.com\/www.o-p-i.fr\/parlonsen\/wp-content\/uploads\/complotisme.jpg?resize=624%2C208&#038;ssl=1\" alt=\"\" width=\"624\" height=\"208\" srcset=\"https:\/\/i0.wp.com\/www.o-p-i.fr\/parlonsen\/wp-content\/uploads\/complotisme.jpg?w=624&amp;ssl=1 624w, https:\/\/i0.wp.com\/www.o-p-i.fr\/parlonsen\/wp-content\/uploads\/complotisme.jpg?resize=300%2C100&amp;ssl=1 300w, https:\/\/i0.wp.com\/www.o-p-i.fr\/parlonsen\/wp-content\/uploads\/complotisme.jpg?resize=400%2C133&amp;ssl=1 400w, https:\/\/i0.wp.com\/www.o-p-i.fr\/parlonsen\/wp-content\/uploads\/complotisme.jpg?resize=430%2C143&amp;ssl=1 430w, https:\/\/i0.wp.com\/www.o-p-i.fr\/parlonsen\/wp-content\/uploads\/complotisme.jpg?resize=150%2C50&amp;ssl=1 150w, https:\/\/i0.wp.com\/www.o-p-i.fr\/parlonsen\/wp-content\/uploads\/complotisme.jpg?resize=100%2C33&amp;ssl=1 100w\" sizes=\"auto, (max-width: 624px) 100vw, 624px\" \/><\/a><\/p>\n<p>Vous avez toujours eu envie de rencontrer un Jacky Schwartzmann dans une grotte ? Qui plus est pour vous parler de \u00ab\u00a0Shit !\u00a0\u00bb son dernier roman d\u00e9sopilant ?<br \/>\nAlors, n&rsquo;attendez plus, r\u00e9servez fissa votre place pour le rencontrer dans ce cadre incroyable le lundi 2 octobre \u00e0 18h30 !<br \/>\nUne rencontre co-anim\u00e9e par vos conductrices et par Fran\u00e7ois-Henri Souli\u00e9, auteur de polars (\u00ab\u00a0Ang\u00e9lus\u00a0\u00bb, \u00ab\u00a0Il n&rsquo;y a pas de pass\u00e9 simple\u00a0\u00bb, etc.). Autant dire que \u00e7a va d\u00e9poter !<br \/>\nLa rencontre est gratuite mais attention, pour acc\u00e9der au Graal, il faudra r\u00e9server&#8230;<\/p>\n<p><strong>Rencontre avec Jacky Schwartzmann dans une Caverne !<\/strong><br \/>\nLundi 2 octobre \u00e0 18h30 Nous avons eu un coup de tracteur pour \u201cShit!\u201d de Jacky Schwartzmann, un polar d\u00e9sopilant o\u00f9 un conseiller principal d\u2019\u00e9ducation se retrouve impliqu\u00e9 dans un trafic de drogue.\u2026<\/p>\n<p><img data-recalc-dims=\"1\" loading=\"lazy\" decoding=\"async\" class=\"alignright size-full wp-image-55776\" src=\"https:\/\/i0.wp.com\/www.o-p-i.fr\/parlonsen\/wp-content\/uploads\/shit.jpg?resize=425%2C451&#038;ssl=1\" alt=\"\" width=\"425\" height=\"451\" srcset=\"https:\/\/i0.wp.com\/www.o-p-i.fr\/parlonsen\/wp-content\/uploads\/shit.jpg?w=425&amp;ssl=1 425w, https:\/\/i0.wp.com\/www.o-p-i.fr\/parlonsen\/wp-content\/uploads\/shit.jpg?resize=283%2C300&amp;ssl=1 283w, https:\/\/i0.wp.com\/www.o-p-i.fr\/parlonsen\/wp-content\/uploads\/shit.jpg?resize=400%2C424&amp;ssl=1 400w, https:\/\/i0.wp.com\/www.o-p-i.fr\/parlonsen\/wp-content\/uploads\/shit.jpg?resize=150%2C159&amp;ssl=1 150w, https:\/\/i0.wp.com\/www.o-p-i.fr\/parlonsen\/wp-content\/uploads\/shit.jpg?resize=100%2C106&amp;ssl=1 100w\" sizes=\"auto, (max-width: 425px) 100vw, 425px\" \/>Quand Thibault d\u00e9barque \u00e0 Planoise, quartier sensible de Besan\u00e7on, il est loin de se douter que la vie lui r\u00e9serve un bon paquet de shit. Conseiller d\u2019\u00e9ducation au coll\u00e8ge, il m\u00e8ne une existence tout ce qu\u2019il y a de plus banale. Sauf qu\u2019en face de chez lui se trouve un four, une zone de deal tenue par les fr\u00e8res Mehmeti, des trafiquants albanais qui ont la particularit\u00e9 d\u2019avoir la baffe facile. Alors que ces derniers se font descendre lors d\u2019un r\u00e8glement de comptes, Thibault et sa voisine, la tr\u00e8s pragmatique Mme Ramla, tombent sur la cache de drogue.<\/p>\n<p>Que faire de toute cette came ? Lorsque notre duo improvis\u00e9 compare ses fiches de paie avec le prix de la barrette, il prend rapidement une d\u00e9cision. Un choix qui pourrait bien concerner tout Planoise.<\/p>\n<p><strong>\u00a0La Caverne<\/strong><\/p>\n<p>Situ\u00e9e sur la commune de Penne du Tarn, en bordure d\u2019Aveyron et \u00e0 un kilom\u00e8tre du ch\u00e2teau de Bruniquel, La Caverne \u00e0 Penne est un haut lieu de l\u2019aventure humaine.<br \/>\nConnue sous le nom de Grotte de Courbet, cette cavit\u00e9 naturelle a conserv\u00e9 la trace de nos anc\u00eatres magdal\u00e9niens.<\/p>\n<p>\u200bLa Caverne est \u00e0 pr\u00e9sent un lieu d\u00e9di\u00e9 \u00e0 la f\u00eate et \u00e0 l\u2019esprit de cr\u00e9ation. Sa nature ne lui permet pas de s\u2019ouvrir au grand public, mais l\u2019autorise \u00e0 recevoir des invit\u00e9s pour des moments privil\u00e9gi\u00e9s \u00e0 l\u2019occasion de diverses manifestations artistiques.<\/p>\n<p><a href=\"https:\/\/lacaverne.wixsite.com\/lacaverne\/galerie-photo-1\" target=\"_blank\" rel=\"noopener\">https:\/\/lacaverne.wixsite.com\/lacaverne\/galerie-photo-1<\/a><\/p>\n<figure id=\"attachment_22445\" aria-describedby=\"caption-attachment-22445\" style=\"width: 300px\" class=\"wp-caption alignleft\"><img data-recalc-dims=\"1\" loading=\"lazy\" decoding=\"async\" class=\"size-medium wp-image-22445\" src=\"https:\/\/i0.wp.com\/www.o-p-i.fr\/parlonsen\/wp-content\/uploads\/tracteursavant.jpg?resize=300%2C169&#038;ssl=1\" alt=\"\" width=\"300\" height=\"169\" srcset=\"https:\/\/i0.wp.com\/www.o-p-i.fr\/parlonsen\/wp-content\/uploads\/tracteursavant.jpg?resize=300%2C169&amp;ssl=1 300w, https:\/\/i0.wp.com\/www.o-p-i.fr\/parlonsen\/wp-content\/uploads\/tracteursavant.jpg?w=500&amp;ssl=1 500w\" sizes=\"auto, (max-width: 300px) 100vw, 300px\" \/><figcaption id=\"caption-attachment-22445\" class=\"wp-caption-text\">Le Tracteur Savant &#8211; Librairie \u00e0 Saint Antonin Noble Val (82)<\/figcaption><\/figure>\n<p>du<strong>\u00a0mardi au samedi de 10h \u00e0 12h30 et de 14h \u00e0 18h30,<\/strong><br \/>\nle<strong>\u00a0dimanche de 9h \u00e0 13h<\/strong><\/p>\n<p>Vous pouvez commander par email\u00a0<strong>letracteursavant@gmail.com<\/strong><br \/>\nou par t\u00e9l\u00e9phone<strong>\u00a007 82 55 72 27<\/strong><br \/>\nou sur\u00a0<a href=\"https:\/\/www.placedeslibraires.fr\/\" target=\"_blank\" rel=\"noopener noreferrer\"><strong>www.placedeslibraires.fr<\/strong><\/a><strong><br \/>\n<\/strong><em>Librairie Le Tracteur Savant<br \/>\n<\/em><em>5a, place de la Halle<br \/>\n<\/em><em>82140 Saint-Antonin-Noble-Val<\/em><\/p>\n<p>&nbsp;<\/p>\n","protected":false},"excerpt":{"rendered":"<div class=\"mh-excerpt\">Vendredi 15 septembre \u00e0 18h., lundi 2 octobre 2023, \u00e0 18h.30, voir le programme:\u00a0<\/div>\n","protected":false},"author":4,"featured_media":0,"comment_status":"open","ping_status":"open","sticky":false,"template":"","format":"standard","meta":{"om_disable_all_campaigns":false,"advanced_seo_description":"","jetpack_seo_html_title":"","jetpack_seo_noindex":false,"_jetpack_memberships_contains_paid_content":false,"footnotes":"","_links_to":"","_links_to_target":""},"categories":[42,1,54,5527,5540],"tags":[536,2701,4353,5654,5655,5656],"class_list":{"0":"post-55774","1":"post","2":"type-post","3":"status-publish","4":"format-standard","6":"category-a-cote-de-chez-nous","7":"category-culture","8":"category-loisirs","9":"category-n-210-septembre-2023","10":"category-n-211-octobre-2023","11":"tag-saint-antonin-noble-val","12":"tag-le-tracteur-savant","13":"tag-presentation-livre","14":"tag-presentation","15":"tag-matthieu-amiech","16":"tag-jacky-scwhartzmann"},"jetpack_featured_media_url":"","views":{"total":0,"cached_at":"","cached_date":1738258247},"jetpack_likes_enabled":true,"jetpack_sharing_enabled":true,"jetpack_shortlink":"https:\/\/wp.me\/pg7Wxj-evA","jetpack-related-posts":[],"_links":{"self":[{"href":"https:\/\/www.o-p-i.fr\/parlonsen\/wp-json\/wp\/v2\/posts\/55774","targetHints":{"allow":["GET"]}}],"collection":[{"href":"https:\/\/www.o-p-i.fr\/parlonsen\/wp-json\/wp\/v2\/posts"}],"about":[{"href":"https:\/\/www.o-p-i.fr\/parlonsen\/wp-json\/wp\/v2\/types\/post"}],"author":[{"embeddable":true,"href":"https:\/\/www.o-p-i.fr\/parlonsen\/wp-json\/wp\/v2\/users\/4"}],"replies":[{"embeddable":true,"href":"https:\/\/www.o-p-i.fr\/parlonsen\/wp-json\/wp\/v2\/comments?post=55774"}],"version-history":[{"count":0,"href":"https:\/\/www.o-p-i.fr\/parlonsen\/wp-json\/wp\/v2\/posts\/55774\/revisions"}],"wp:attachment":[{"href":"https:\/\/www.o-p-i.fr\/parlonsen\/wp-json\/wp\/v2\/media?parent=55774"}],"wp:term":[{"taxonomy":"category","embeddable":true,"href":"https:\/\/www.o-p-i.fr\/parlonsen\/wp-json\/wp\/v2\/categories?post=55774"},{"taxonomy":"post_tag","embeddable":true,"href":"https:\/\/www.o-p-i.fr\/parlonsen\/wp-json\/wp\/v2\/tags?post=55774"}],"curies":[{"name":"wp","href":"https:\/\/api.w.org\/{rel}","templated":true}]}}