{"id":5584,"date":"2010-11-03T16:31:19","date_gmt":"2010-11-03T14:31:19","guid":{"rendered":"\/parlonsen\/?p=5584"},"modified":"2010-11-03T16:31:19","modified_gmt":"2010-11-03T14:31:19","slug":"le-retour-du-jeudi-4-novembre-projection-de-le-parc","status":"publish","type":"post","link":"https:\/\/www.o-p-i.fr\/parlonsen\/parlons-en\/culture\/le-retour-du-jeudi-4-novembre-projection-de-le-parc\/","title":{"rendered":"Le Retour du jeudi 4 Novembre : projection de \u00ab\u00a0Le Parc\u00a0\u00bb"},"content":{"rendered":"<p style=\"text-align: justify;\">Le Retour du Jeudi 4 novembre, \u00e0 18 h au Foyer, b\u00e2timent Pascal(e) Ambic,<span style=\"color: #333300;\"><strong> projection de \u00ab\u00a0Le Parc\u00a0\u00bb, de Momar D\u00e9sir\u00e9 Kane <\/strong><\/span>(France, 2009). Sc\u00e9nario gagnant du concours \u00ab Le go\u00fbt des autres \u00bb en 2006.<!--more--><\/p>\n<p style=\"text-align: justify;\">\n<figure id=\"attachment_5585\" aria-describedby=\"caption-attachment-5585\" style=\"width: 450px\" class=\"wp-caption alignright\"><img data-recalc-dims=\"1\" loading=\"lazy\" decoding=\"async\" class=\"size-full wp-image-5585\" title=\"Albi (81)\" src=\"https:\/\/i0.wp.com\/www.o-p-i.fr\/parlonsen\/wp-content\/uploads\/photo_leparc.jpg?resize=450%2C330&#038;ssl=1\" alt=\"Albi (81)\" width=\"450\" height=\"330\" srcset=\"https:\/\/i0.wp.com\/www.o-p-i.fr\/parlonsen\/wp-content\/uploads\/photo_leparc.jpg?w=450&amp;ssl=1 450w, https:\/\/i0.wp.com\/www.o-p-i.fr\/parlonsen\/wp-content\/uploads\/photo_leparc.jpg?resize=300%2C220&amp;ssl=1 300w\" sizes=\"auto, (max-width: 450px) 100vw, 450px\" \/><figcaption id=\"caption-attachment-5585\" class=\"wp-caption-text\">Albi (81)<\/figcaption><\/figure>\n<p style=\"text-align: justify;\">Nabil, 16 ans, et sa soeur Samira, 20 ans, vivent avec leur p\u00e8re, ouvrier \u00e0 la retraite accident\u00e9 de l&rsquo;explosion de l&rsquo;usine AZF. Le d\u00e9part de la maison de Samira est mal accept\u00e9 par Nabil. C&rsquo;est une qu\u00eate d&rsquo;identit\u00e9 et un passage \u00e0 l&rsquo;\u00e2ge adulte qui se jouent ici pour lui, et dont il prend peu \u00e0 peu conscience par sa pratique du slam et sa rencontre avec une nouvelle voisine musicienne.<\/p>\n<p style=\"text-align: justify;\">A l&rsquo;issue de la projection, Momar Kane, r\u00e9alisateur du film et enseignant en litt\u00e9rature et cin\u00e9ma africains, suscite et anime une discussion autour de la cr\u00e9ation cin\u00e9matographique, et du concours \u00able go\u00fbt des autres \u00bb bas\u00e9 sur la m\u00e9moire de l&rsquo;immigration.<\/p>\n<p style=\"text-align: justify;\"><span style=\"color: #333300;\"><strong>Dans le cadre du festival Travers\u00e9es africaines.<\/strong><\/span><br \/>\n<a title=\"Ouvre le site dans une nouvelle fen\u00eatre\" href=\"http:\/\/www.lacaravaneafrodream.org\" target=\"_blank\">www.lacaravaneafrodream.org<\/a><br \/>\n<a title=\"Ouvre le site dans une nouvelle fen\u00eatre\" href=\"http:\/\/www.myspace.com\/momarafrodream\" target=\"_blank\">www.myspace.com\/momarafrodream<\/a><br \/>\n<a title=\"Ouvre le site dans une nouvelle fen\u00eatre\" href=\"http:\/\/www.traf81.com\" target=\"_blank\">www.traf81.com<\/a><\/p>\n<p style=\"text-align: justify;\">J\u00e9r\u00f4me Cabot<br \/>\ncharg\u00e9 de mission \u00e0 l&rsquo;action culturelle<br \/>\nMCF en Litt\u00e9rature fran\u00e7aise<br \/>\nUniversit\u00e9 Champollion Albi \/ Rodez \/ Castres<br \/>\nT\u00e9l. : 05 63 48 19 70<br \/>\nPermanences : le mercredi 14 h &#8211; 18 h<br \/>\n<a title=\"Ouvre le site dans une nouvelle fen\u00eatre\" href=\"http:\/\/www.myspace.com\/champoculture\" target=\"_blank\">http:\/\/www.myspace.com\/champoculture<\/a><\/p>\n<p style=\"text-align: justify;\"><a href=\"https:\/\/www.o-p-i.fr\/parlonsen\/agenda\/\"><strong>Retrouvez tous les \u00e9v\u00e8nements dans l&rsquo;agenda !<\/strong><\/a><\/p>\n","protected":false},"excerpt":{"rendered":"<div class=\"mh-excerpt\">Le Retour du Jeudi 4 novembre, \u00e0 18 h au Foyer, b\u00e2timent Pascal(e) Ambic, projection de \u00ab\u00a0Le Parc\u00a0\u00bb, de Momar D\u00e9sir\u00e9 Kane (France, 2009). Sc\u00e9nario gagnant du concours \u00ab Le go\u00fbt des autres \u00bb en <a class=\"mh-excerpt-more\" href=\"https:\/\/www.o-p-i.fr\/parlonsen\/parlons-en\/culture\/le-retour-du-jeudi-4-novembre-projection-de-le-parc\/\" title=\"Le Retour du jeudi 4 Novembre : projection de \u00ab\u00a0Le Parc\u00a0\u00bb\">[&#8230;]<\/a><\/div>\n","protected":false},"author":7,"featured_media":0,"comment_status":"open","ping_status":"open","sticky":false,"template":"","format":"standard","meta":{"om_disable_all_campaigns":false,"advanced_seo_description":"","jetpack_seo_html_title":"","jetpack_seo_noindex":false,"_jetpack_memberships_contains_paid_content":false,"footnotes":"","_links_to":"","_links_to_target":""},"categories":[1],"tags":[92,111,189,330,739,44,45,46,47],"class_list":{"0":"post-5584","1":"post","2":"type-post","3":"status-publish","4":"format-standard","6":"category-culture","7":"tag-cine","8":"tag-projection","9":"tag-debat","10":"tag-rencontre","11":"tag-momar-desire-kane","12":"tag-albi","13":"tag-retour-du-jeudi","14":"tag-fac","15":"tag-champollion"},"jetpack_featured_media_url":"","views":{"total":0,"cached_at":"","cached_date":1738341901},"jetpack_likes_enabled":true,"jetpack_sharing_enabled":true,"jetpack_shortlink":"https:\/\/wp.me\/pg7Wxj-1s4","jetpack-related-posts":[],"_links":{"self":[{"href":"https:\/\/www.o-p-i.fr\/parlonsen\/wp-json\/wp\/v2\/posts\/5584","targetHints":{"allow":["GET"]}}],"collection":[{"href":"https:\/\/www.o-p-i.fr\/parlonsen\/wp-json\/wp\/v2\/posts"}],"about":[{"href":"https:\/\/www.o-p-i.fr\/parlonsen\/wp-json\/wp\/v2\/types\/post"}],"author":[{"embeddable":true,"href":"https:\/\/www.o-p-i.fr\/parlonsen\/wp-json\/wp\/v2\/users\/7"}],"replies":[{"embeddable":true,"href":"https:\/\/www.o-p-i.fr\/parlonsen\/wp-json\/wp\/v2\/comments?post=5584"}],"version-history":[{"count":0,"href":"https:\/\/www.o-p-i.fr\/parlonsen\/wp-json\/wp\/v2\/posts\/5584\/revisions"}],"wp:attachment":[{"href":"https:\/\/www.o-p-i.fr\/parlonsen\/wp-json\/wp\/v2\/media?parent=5584"}],"wp:term":[{"taxonomy":"category","embeddable":true,"href":"https:\/\/www.o-p-i.fr\/parlonsen\/wp-json\/wp\/v2\/categories?post=5584"},{"taxonomy":"post_tag","embeddable":true,"href":"https:\/\/www.o-p-i.fr\/parlonsen\/wp-json\/wp\/v2\/tags?post=5584"}],"curies":[{"name":"wp","href":"https:\/\/api.w.org\/{rel}","templated":true}]}}