{"id":55840,"date":"2023-09-21T11:47:39","date_gmt":"2023-09-21T10:47:39","guid":{"rendered":"https:\/\/www.o-p-i.fr\/parlonsen\/?p=55840"},"modified":"2023-09-21T23:16:02","modified_gmt":"2023-09-21T22:16:02","slug":"portes-ouvertes-a-negrepelisse-ulm","status":"publish","type":"post","link":"https:\/\/www.o-p-i.fr\/parlonsen\/parlons-en\/pratique\/portes-ouvertes-a-negrepelisse-ulm\/","title":{"rendered":"Portes Ouvertes a N\u00e8grepelisse ULM"},"content":{"rendered":"<p><strong>Dimanche 24 septembre 2023<\/strong>,\u00a0 \u00e0 l&rsquo;a\u00e9rodromme chemin des Courounets \u00e0 partir de 10h.<!--more--><\/p>\n<p>Partez \u00e0 la d\u00e9couverte du monde passionnant de l\u2019ULM ! Que vous soyez novice ou initi\u00e9, cette journ\u00e9e promet d\u2019\u00eatre riche en \u00e9motions. Apr\u00e8s votre aventure a\u00e9rienne, partagez un verre de l\u2019amiti\u00e9 et plongez-vous dans notre exposition. Pour les amateurs de bonne ch\u00e8re, un repas est pr\u00e9vu sur r\u00e9servation. Et bien s\u00fbr, pour les plus aventureux, des vols et bapt\u00eames de l\u2019air seront au programme. Ne ratez pas cette occasion unique !<\/p>\n<p>10h \u00e0 12h Exposition<br \/>\n12h \u00e0 14h Repas<br \/>\n14h \u00e0 18h Vols et bapt\u00eames de l\u2019air<\/p>\n<p><img data-recalc-dims=\"1\" loading=\"lazy\" decoding=\"async\" class=\"aligncenter size-full wp-image-55841\" src=\"https:\/\/i0.wp.com\/www.o-p-i.fr\/parlonsen\/wp-content\/uploads\/Negrepelisse-8.jpg?resize=624%2C880&#038;ssl=1\" alt=\"\" width=\"624\" height=\"880\" srcset=\"https:\/\/i0.wp.com\/www.o-p-i.fr\/parlonsen\/wp-content\/uploads\/Negrepelisse-8.jpg?w=624&amp;ssl=1 624w, https:\/\/i0.wp.com\/www.o-p-i.fr\/parlonsen\/wp-content\/uploads\/Negrepelisse-8.jpg?resize=213%2C300&amp;ssl=1 213w, https:\/\/i0.wp.com\/www.o-p-i.fr\/parlonsen\/wp-content\/uploads\/Negrepelisse-8.jpg?resize=400%2C564&amp;ssl=1 400w, https:\/\/i0.wp.com\/www.o-p-i.fr\/parlonsen\/wp-content\/uploads\/Negrepelisse-8.jpg?resize=430%2C606&amp;ssl=1 430w, https:\/\/i0.wp.com\/www.o-p-i.fr\/parlonsen\/wp-content\/uploads\/Negrepelisse-8.jpg?resize=150%2C212&amp;ssl=1 150w, https:\/\/i0.wp.com\/www.o-p-i.fr\/parlonsen\/wp-content\/uploads\/Negrepelisse-8.jpg?resize=100%2C141&amp;ssl=1 100w\" sizes=\"auto, (max-width: 624px) 100vw, 624px\" \/><\/p>\n<p>Renseignements et r\u00e9servation repas : 06 12 70 95 89 \u2013 06 64 67 33 32<\/p>\n<p><em>Information communiqu\u00e9e par ULM N\u00e8grepelisse<\/em><\/p>\n<p><a href=\"https:\/\/www.o-p-i.fr\/aupays\/au-pays\/agenda\/\">Retrouvez tous les \u00e9v\u00e9nements dans l&rsquo;agenda !<\/a><\/p>\n","protected":false},"excerpt":{"rendered":"<div class=\"mh-excerpt\">Dimanche 24 septembre 2023,\u00a0 \u00e0 l&rsquo;a\u00e9rodromme chemin des Courounets \u00e0 partir de 10h.<\/div>\n","protected":false},"author":4,"featured_media":0,"comment_status":"open","ping_status":"open","sticky":false,"template":"","format":"standard","meta":{"om_disable_all_campaigns":false,"advanced_seo_description":"","jetpack_seo_html_title":"","jetpack_seo_noindex":false,"_jetpack_memberships_contains_paid_content":false,"footnotes":"","_links_to":"","_links_to_target":""},"categories":[42,725,54,6,5527],"tags":[100,157,172,484,584,5662],"class_list":{"0":"post-55840","1":"post","2":"type-post","3":"status-publish","4":"format-standard","6":"category-a-cote-de-chez-nous","7":"category-formation-parlons-en","8":"category-loisirs","9":"category-pratique","10":"category-n-210-septembre-2023","11":"tag-negrepelisse","12":"tag-repas","13":"tag-exposition","14":"tag-portes-ouvertes","15":"tag-ulm","16":"tag-baptemes-de-lair"},"jetpack_featured_media_url":"","views":{"total":0,"cached_at":"","cached_date":1738520872},"jetpack_likes_enabled":true,"jetpack_sharing_enabled":true,"jetpack_shortlink":"https:\/\/wp.me\/pg7Wxj-ewE","jetpack-related-posts":[],"_links":{"self":[{"href":"https:\/\/www.o-p-i.fr\/parlonsen\/wp-json\/wp\/v2\/posts\/55840","targetHints":{"allow":["GET"]}}],"collection":[{"href":"https:\/\/www.o-p-i.fr\/parlonsen\/wp-json\/wp\/v2\/posts"}],"about":[{"href":"https:\/\/www.o-p-i.fr\/parlonsen\/wp-json\/wp\/v2\/types\/post"}],"author":[{"embeddable":true,"href":"https:\/\/www.o-p-i.fr\/parlonsen\/wp-json\/wp\/v2\/users\/4"}],"replies":[{"embeddable":true,"href":"https:\/\/www.o-p-i.fr\/parlonsen\/wp-json\/wp\/v2\/comments?post=55840"}],"version-history":[{"count":0,"href":"https:\/\/www.o-p-i.fr\/parlonsen\/wp-json\/wp\/v2\/posts\/55840\/revisions"}],"wp:attachment":[{"href":"https:\/\/www.o-p-i.fr\/parlonsen\/wp-json\/wp\/v2\/media?parent=55840"}],"wp:term":[{"taxonomy":"category","embeddable":true,"href":"https:\/\/www.o-p-i.fr\/parlonsen\/wp-json\/wp\/v2\/categories?post=55840"},{"taxonomy":"post_tag","embeddable":true,"href":"https:\/\/www.o-p-i.fr\/parlonsen\/wp-json\/wp\/v2\/tags?post=55840"}],"curies":[{"name":"wp","href":"https:\/\/api.w.org\/{rel}","templated":true}]}}