{"id":55888,"date":"2023-09-27T17:55:06","date_gmt":"2023-09-27T16:55:06","guid":{"rendered":"https:\/\/www.o-p-i.fr\/parlonsen\/?p=55888"},"modified":"2023-09-27T17:55:06","modified_gmt":"2023-09-27T16:55:06","slug":"conference-animee-par-christian-andrieu-presentation-dun-livre-de-theatre-a-montauban-82","status":"publish","type":"post","link":"https:\/\/www.o-p-i.fr\/parlonsen\/numero-de-journal\/n-211-octobre-2023\/conference-animee-par-christian-andrieu-presentation-dun-livre-de-theatre-a-montauban-82\/","title":{"rendered":"Conf\u00e9rence anim\u00e9e par Christian Andrieu \u00ab\u00a0Pr\u00e9sentation d&rsquo;un livre de th\u00e9\u00e2tre\u00a0\u00bb &#8230; \u00e0 Montauban (82)"},"content":{"rendered":"<p>Samedi 07 octobre \u00e0 16h00<\/p>\n<p><!--more--><\/p>\n<p>L&rsquo;institut d&rsquo;Etudes Occitanes vous invite \u00e0 une conf\u00e9rence anim\u00e9e par Christian Andrieu \u00ab\u00a0Pr\u00e9sentation d&rsquo;un livre de th\u00e9\u00e2tre\u00a0\u00bb le samedi 07 octobre \u00e0 Montauban.<\/p>\n<p>Cette conf\u00e9rence se tiendra de 16h00 \u00e0 18h00 \u00e0 l&rsquo;Ancien Coll\u00e8ge, 25 all\u00e9es de l&rsquo;Empereur \u00e0 Montauban (82).<\/p>\n<p>Cette conf\u00e9rence est gratuite.<\/p>\n<p><em>Information communiqu\u00e9e par Isopet Emmanuel<br \/>\n<\/em><\/p>\n<p><a href=\"https:\/\/www.o-p-i.fr\/aupays\/au-pays\/agenda\/\">Retrouvez tous les \u00e9v\u00e9nements dans l&rsquo;agenda !<\/a><\/p>\n","protected":false},"excerpt":{"rendered":"<div class=\"mh-excerpt\">Samedi 07 octobre \u00e0 16h00<\/div>\n","protected":false},"author":9,"featured_media":0,"comment_status":"open","ping_status":"open","sticky":false,"template":"","format":"standard","meta":{"om_disable_all_campaigns":false,"advanced_seo_description":"","jetpack_seo_html_title":"","jetpack_seo_noindex":false,"_jetpack_memberships_contains_paid_content":false,"footnotes":"","_links_to":"","_links_to_target":""},"categories":[5540],"tags":[99,234,57],"class_list":{"0":"post-55888","1":"post","2":"type-post","3":"status-publish","4":"format-standard","6":"category-n-211-octobre-2023","7":"tag-montauban","8":"tag-conference","9":"tag-theatre"},"jetpack_featured_media_url":"","views":{"total":0,"cached_at":"","cached_date":1738492522},"jetpack_likes_enabled":true,"jetpack_sharing_enabled":true,"jetpack_shortlink":"https:\/\/wp.me\/pg7Wxj-exq","jetpack-related-posts":[],"_links":{"self":[{"href":"https:\/\/www.o-p-i.fr\/parlonsen\/wp-json\/wp\/v2\/posts\/55888","targetHints":{"allow":["GET"]}}],"collection":[{"href":"https:\/\/www.o-p-i.fr\/parlonsen\/wp-json\/wp\/v2\/posts"}],"about":[{"href":"https:\/\/www.o-p-i.fr\/parlonsen\/wp-json\/wp\/v2\/types\/post"}],"author":[{"embeddable":true,"href":"https:\/\/www.o-p-i.fr\/parlonsen\/wp-json\/wp\/v2\/users\/9"}],"replies":[{"embeddable":true,"href":"https:\/\/www.o-p-i.fr\/parlonsen\/wp-json\/wp\/v2\/comments?post=55888"}],"version-history":[{"count":0,"href":"https:\/\/www.o-p-i.fr\/parlonsen\/wp-json\/wp\/v2\/posts\/55888\/revisions"}],"wp:attachment":[{"href":"https:\/\/www.o-p-i.fr\/parlonsen\/wp-json\/wp\/v2\/media?parent=55888"}],"wp:term":[{"taxonomy":"category","embeddable":true,"href":"https:\/\/www.o-p-i.fr\/parlonsen\/wp-json\/wp\/v2\/categories?post=55888"},{"taxonomy":"post_tag","embeddable":true,"href":"https:\/\/www.o-p-i.fr\/parlonsen\/wp-json\/wp\/v2\/tags?post=55888"}],"curies":[{"name":"wp","href":"https:\/\/api.w.org\/{rel}","templated":true}]}}