{"id":55893,"date":"2023-09-27T18:39:31","date_gmt":"2023-09-27T17:39:31","guid":{"rendered":"https:\/\/www.o-p-i.fr\/parlonsen\/?p=55893"},"modified":"2023-09-27T18:46:44","modified_gmt":"2023-09-27T17:46:44","slug":"fiq-reveille-toi-cirque-au-grand-theatre-dalbi-81","status":"publish","type":"post","link":"https:\/\/www.o-p-i.fr\/parlonsen\/numero-de-journal\/n-211-octobre-2023\/fiq-reveille-toi-cirque-au-grand-theatre-dalbi-81\/","title":{"rendered":"FIQ ! (R\u00c9VEILLE-TOI !), cirque au grand th\u00e9\u00e2tre d&rsquo;Albi (81)"},"content":{"rendered":"<h3><strong>Mardi 3 octobre 2023 \u00e0 20h<\/strong><\/h3>\n<p><!--more--><\/p>\n<p><strong>Au grand th\u00e9\u00e2tre d\u2019Albi !<\/strong><br \/>\nOrganis\u00e9 par la mairie de Salvagnac<br \/>\nen partenariat avec la SNA Tarn.<\/p>\n<h3 style=\"text-align: center;\">FIQ ! (R\u00c9VEILLE-TOI !)<\/h3>\n<p>Avec une virtuosit\u00e9 \u00e9bouriffante, la troupe de Fiq\u2009! livre un hymne tonitruant \u00e0 la jeunesse, \u00e0 l\u2019audace et \u00e0 la f\u00eate. Une explosive pop acrobatie\u2009!<\/p>\n<p>R\u00c9SERVEZ VITE, VITE, VITE !!!<br \/>\nNous avons bloqu\u00e9 des places qui repartiront dans le circuit d\u2019ici 8 jours !<br \/>\n25\u20ac (12\u20ac &#8211; de 15 ans) &#8211; Participation aux frais de transport : 5\u20ac (1\u20ac &#8211; de 15 ans)<br \/>\nd\u00e9part de Salvagnac \u00e0 18h30<\/p>\n<p>Inscriptions par texto \u00e0 R\u00e9gine 06 32 82 89 60 (nom et nombre de places)<br \/>\nou \u00e0 la mairie 05 63 33 50 18<\/p>\n<p><a href=\"https:\/\/i0.wp.com\/www.o-p-i.fr\/parlonsen\/wp-content\/uploads\/fiq-albi.jpg?ssl=1\"><img data-recalc-dims=\"1\" loading=\"lazy\" decoding=\"async\" class=\"aligncenter wp-image-55894 size-full\" src=\"https:\/\/i0.wp.com\/www.o-p-i.fr\/parlonsen\/wp-content\/uploads\/fiq-albi.jpg?resize=883%2C607&#038;ssl=1\" alt=\"\" width=\"883\" height=\"607\" srcset=\"https:\/\/i0.wp.com\/www.o-p-i.fr\/parlonsen\/wp-content\/uploads\/fiq-albi.jpg?w=883&amp;ssl=1 883w, https:\/\/i0.wp.com\/www.o-p-i.fr\/parlonsen\/wp-content\/uploads\/fiq-albi.jpg?resize=300%2C206&amp;ssl=1 300w, https:\/\/i0.wp.com\/www.o-p-i.fr\/parlonsen\/wp-content\/uploads\/fiq-albi.jpg?resize=768%2C528&amp;ssl=1 768w, https:\/\/i0.wp.com\/www.o-p-i.fr\/parlonsen\/wp-content\/uploads\/fiq-albi.jpg?resize=750%2C516&amp;ssl=1 750w, https:\/\/i0.wp.com\/www.o-p-i.fr\/parlonsen\/wp-content\/uploads\/fiq-albi.jpg?resize=400%2C275&amp;ssl=1 400w, https:\/\/i0.wp.com\/www.o-p-i.fr\/parlonsen\/wp-content\/uploads\/fiq-albi.jpg?resize=430%2C296&amp;ssl=1 430w, https:\/\/i0.wp.com\/www.o-p-i.fr\/parlonsen\/wp-content\/uploads\/fiq-albi.jpg?resize=150%2C103&amp;ssl=1 150w, https:\/\/i0.wp.com\/www.o-p-i.fr\/parlonsen\/wp-content\/uploads\/fiq-albi.jpg?resize=100%2C69&amp;ssl=1 100w\" sizes=\"auto, (max-width: 883px) 100vw, 883px\" \/><\/a><\/p>\n<p>Fiq\u2009! rassemble une foule de talents. Sur sc\u00e8ne\u2009: une quinzaine de danseuses, danseurs, et acrobates recrut\u00e9e aux quatre coins du Maroc, dans toutes les disciplines, et DJ Dino, un DJ de g\u00e9nie. Aux manettes\u2009: Maroussia Diaz Verb\u00e8ke \u201ccircographe*\u201d globe-trotteuse et Hassan Hajjaj, sc\u00e9nographe venu de la photographie et de l\u2019art contemporain. Toutes et tous produisent une foule plus grande encore de merveilles\u2009: m\u00e9langes de hip hop et de port\u00e9s traditionnels marocains, l\u00e9vitation de DJ, chor\u00e9graphie footballistique, acrobaties au sol, \u00e0 moto et dans les airs\u2026 Dans un raz de mar\u00e9e de couleurs, la conjugaison de tous ces talents cr\u00e9e un prodigieux \u00e9lan de vie\u2009!<br \/>\n\u00ab\u2009<em>Un hymne \u00e0 la jeunesse marocaine dans ce spectacle \u00e9poustouflant de dext\u00e9rit\u00e9 et d\u2019humour.<\/em>\u2009\u00bb T\u00e9l\u00e9rama<\/p>\n<p>*Circographie\u2009: n\u00e9ologisme d\u00e9signant la mise en sc\u00e8ne propre au Cirque (\u00e7a veut aussi dire \u00ab\u2009<em>Soyons fous\u2009!<\/em>\u2009\u00bb en lituanien, mais c\u2019est un hasard\u2026<\/p>\n<p><em>Information communiqu\u00e9e par <strong class=\"gmail_sendername\" dir=\"auto\">Mairie de Salvagnac<\/strong><br \/>\n<\/em><\/p>\n<p><a href=\"https:\/\/www.o-p-i.fr\/aupays\/au-pays\/agenda\/\">Retrouvez tous les \u00e9v\u00e9nements dans l&rsquo;agenda !<\/a><\/p>\n","protected":false},"excerpt":{"rendered":"<div class=\"mh-excerpt\">Mardi 3 octobre 2023 \u00e0 20h<\/div>\n","protected":false},"author":9,"featured_media":0,"comment_status":"open","ping_status":"open","sticky":false,"template":"","format":"standard","meta":{"om_disable_all_campaigns":false,"advanced_seo_description":"","jetpack_seo_html_title":"","jetpack_seo_noindex":false,"_jetpack_memberships_contains_paid_content":false,"footnotes":"","_links_to":"","_links_to_target":""},"categories":[5540],"tags":[44,57,2548,507],"class_list":{"0":"post-55893","1":"post","2":"type-post","3":"status-publish","4":"format-standard","6":"category-n-211-octobre-2023","7":"tag-albi","8":"tag-theatre","9":"tag-salvagnac","10":"tag-cirque"},"jetpack_featured_media_url":"","views":{"total":0,"cached_at":"","cached_date":1737977078},"jetpack_likes_enabled":true,"jetpack_sharing_enabled":true,"jetpack_shortlink":"https:\/\/wp.me\/pg7Wxj-exv","jetpack-related-posts":[],"_links":{"self":[{"href":"https:\/\/www.o-p-i.fr\/parlonsen\/wp-json\/wp\/v2\/posts\/55893","targetHints":{"allow":["GET"]}}],"collection":[{"href":"https:\/\/www.o-p-i.fr\/parlonsen\/wp-json\/wp\/v2\/posts"}],"about":[{"href":"https:\/\/www.o-p-i.fr\/parlonsen\/wp-json\/wp\/v2\/types\/post"}],"author":[{"embeddable":true,"href":"https:\/\/www.o-p-i.fr\/parlonsen\/wp-json\/wp\/v2\/users\/9"}],"replies":[{"embeddable":true,"href":"https:\/\/www.o-p-i.fr\/parlonsen\/wp-json\/wp\/v2\/comments?post=55893"}],"version-history":[{"count":0,"href":"https:\/\/www.o-p-i.fr\/parlonsen\/wp-json\/wp\/v2\/posts\/55893\/revisions"}],"wp:attachment":[{"href":"https:\/\/www.o-p-i.fr\/parlonsen\/wp-json\/wp\/v2\/media?parent=55893"}],"wp:term":[{"taxonomy":"category","embeddable":true,"href":"https:\/\/www.o-p-i.fr\/parlonsen\/wp-json\/wp\/v2\/categories?post=55893"},{"taxonomy":"post_tag","embeddable":true,"href":"https:\/\/www.o-p-i.fr\/parlonsen\/wp-json\/wp\/v2\/tags?post=55893"}],"curies":[{"name":"wp","href":"https:\/\/api.w.org\/{rel}","templated":true}]}}