{"id":55956,"date":"2023-09-30T17:29:49","date_gmt":"2023-09-30T16:29:49","guid":{"rendered":"https:\/\/www.o-p-i.fr\/parlonsen\/?p=55956"},"modified":"2023-09-30T17:29:49","modified_gmt":"2023-09-30T16:29:49","slug":"veillee-occitane-a-vaour-81","status":"publish","type":"post","link":"https:\/\/www.o-p-i.fr\/parlonsen\/parlons-en\/pratique\/veillee-occitane-a-vaour-81\/","title":{"rendered":"Veill\u00e9e occitane &#8230;\u00e0 Vaour (81)"},"content":{"rendered":"<p><strong>Vendredi 13 octobre 2023<\/strong>, salle des f\u00eate, \u00e0 19h.. <!--more--><\/p>\n<p>Rendez-vous le 13 octobre prochain pour une veill\u00e9e occitane au coin du feu en compagnie de Daniel Loddo, C\u00e9line Ricard et Fabrice Rougier de La Talvera pour annoncer une th\u00e9matique qui nous accompagnera sur plusieurs ann\u00e9es : ARBRES.<\/p>\n<p><img data-recalc-dims=\"1\" loading=\"lazy\" decoding=\"async\" class=\"aligncenter size-full wp-image-55959\" src=\"https:\/\/i0.wp.com\/www.o-p-i.fr\/parlonsen\/wp-content\/uploads\/ARBRES3-1.jpg?resize=624%2C596&#038;ssl=1\" alt=\"\" width=\"624\" height=\"596\" srcset=\"https:\/\/i0.wp.com\/www.o-p-i.fr\/parlonsen\/wp-content\/uploads\/ARBRES3-1.jpg?w=624&amp;ssl=1 624w, https:\/\/i0.wp.com\/www.o-p-i.fr\/parlonsen\/wp-content\/uploads\/ARBRES3-1.jpg?resize=300%2C287&amp;ssl=1 300w, https:\/\/i0.wp.com\/www.o-p-i.fr\/parlonsen\/wp-content\/uploads\/ARBRES3-1.jpg?resize=400%2C382&amp;ssl=1 400w, https:\/\/i0.wp.com\/www.o-p-i.fr\/parlonsen\/wp-content\/uploads\/ARBRES3-1.jpg?resize=430%2C411&amp;ssl=1 430w, https:\/\/i0.wp.com\/www.o-p-i.fr\/parlonsen\/wp-content\/uploads\/ARBRES3-1.jpg?resize=150%2C143&amp;ssl=1 150w, https:\/\/i0.wp.com\/www.o-p-i.fr\/parlonsen\/wp-content\/uploads\/ARBRES3-1.jpg?resize=100%2C96&amp;ssl=1 100w\" sizes=\"auto, (max-width: 624px) 100vw, 624px\" \/><\/p>\n<p>&nbsp;<\/p>\n<p><img data-recalc-dims=\"1\" loading=\"lazy\" decoding=\"async\" class=\"aligncenter size-full wp-image-55958\" src=\"https:\/\/i0.wp.com\/www.o-p-i.fr\/parlonsen\/wp-content\/uploads\/ARBRES2.jpg?resize=624%2C878&#038;ssl=1\" alt=\"\" width=\"624\" height=\"878\" srcset=\"https:\/\/i0.wp.com\/www.o-p-i.fr\/parlonsen\/wp-content\/uploads\/ARBRES2.jpg?w=624&amp;ssl=1 624w, https:\/\/i0.wp.com\/www.o-p-i.fr\/parlonsen\/wp-content\/uploads\/ARBRES2.jpg?resize=213%2C300&amp;ssl=1 213w, https:\/\/i0.wp.com\/www.o-p-i.fr\/parlonsen\/wp-content\/uploads\/ARBRES2.jpg?resize=400%2C563&amp;ssl=1 400w, https:\/\/i0.wp.com\/www.o-p-i.fr\/parlonsen\/wp-content\/uploads\/ARBRES2.jpg?resize=430%2C605&amp;ssl=1 430w, https:\/\/i0.wp.com\/www.o-p-i.fr\/parlonsen\/wp-content\/uploads\/ARBRES2.jpg?resize=150%2C211&amp;ssl=1 150w, https:\/\/i0.wp.com\/www.o-p-i.fr\/parlonsen\/wp-content\/uploads\/ARBRES2.jpg?resize=100%2C141&amp;ssl=1 100w\" sizes=\"auto, (max-width: 624px) 100vw, 624px\" \/><\/p>\n<p><strong>\u00a0INFORMATIONS PRATIQUES et BILLETTERIE<\/strong><br \/>\nLa veill\u00e9e aura lieu \u00e0 la Salle des f\u00eates de Vaour. Covoiturage fortement pr\u00e9conis\u00e9 (<a href=\"http:\/\/INFORMATIONS PRATIQUES et BILLETTERIE La veill\u00e9e aura lieu \u00e0 la Salle des f\u00eates de Vaour. Covoiturage fortement pr\u00e9conis\u00e9 (groupe facebook @Gresinhol-covoiturage).  Billetterie directement sur place. Nous vous conseillons d'arriver t\u00f4t.  - Accueil public autour d'un verre \u00e0 19h + exposition &quot;Petits m\u00e9tiers d'autrefois&quot; - Repas \u00e0 19h30 (soupes de courge, saucisses grill\u00e9es et salade verte, ch\u00e2taignes grill\u00e9es) - D\u00e9but veill\u00e9e \u00e0 20h30 au coin du feu : histoires, contes, chants, jeux et danses de Gr\u00e9signe en compagnie de Daniel Loddo, C\u00e9line Ricard et Fabrice Rougier de la Talvera. Ch\u00e2taignes grill\u00e9es.  Tarifs : 8\u20ac \/ 5\u20ac tarif r\u00e9duit (adh\u00e9rents, \u00e9tudiants) \/ gratuit jusque 15 ans - repas non inclus dans le tarif d'entr\u00e9e.  D\u00e9tail restauration : - Courges et salades : Caro et Gene maraich\u00e8res en bio de Lacapelle - Saucisses de la r\u00e9gion - Fromages du Pic - Ch\u00e2taignes de la r\u00e9gion - Bi\u00e8res et vins locaux  CONTACT gresigneenfugues.com \/ gresigneenfugues@gmail.com\" target=\"_blank\" rel=\"noopener\">groupe facebook @Gresinhol-covoiturage<\/a>).<\/p>\n<p>Billetterie directement sur place. Nous vous conseillons d&rsquo;arriver t\u00f4t.<\/p>\n<p>&#8211; Accueil public autour d&rsquo;un verre \u00e0 19h + exposition \u00ab\u00a0Petits m\u00e9tiers d&rsquo;autrefois\u00a0\u00bb<br \/>\n&#8211; Repas \u00e0 19h30 (soupes de courge, saucisses grill\u00e9es et salade verte, ch\u00e2taignes grill\u00e9es)<br \/>\n&#8211; D\u00e9but veill\u00e9e \u00e0 20h30 au coin du feu : histoires, contes, chants, jeux et danses de Gr\u00e9signe en compagnie de Daniel Loddo, C\u00e9line Ricard et Fabrice Rougier de la Talvera. Ch\u00e2taignes grill\u00e9es.<\/p>\n<p>Tarifs : 8\u20ac \/ 5\u20ac tarif r\u00e9duit (adh\u00e9rents, \u00e9tudiants) \/ gratuit jusque 15 ans &#8211; repas non inclus dans le tarif d&rsquo;entr\u00e9e.<\/p>\n<p>D\u00e9tail restauration :<br \/>\n&#8211; Courges et salades : Caro et Gene maraich\u00e8res en bio de Lacapelle<br \/>\n&#8211; Saucisses de la r\u00e9gion<br \/>\n&#8211; Fromages du Pic<br \/>\n&#8211; Ch\u00e2taignes de la r\u00e9gion<br \/>\n&#8211; Bi\u00e8res et vins locaux<\/p>\n<p>CONTACT<br \/>\n<a href=\"http:\/\/gresigneenfugues.com\" target=\"_blank\" rel=\"noopener\">gresigneenfugues.com<\/a> \/<a href=\"mailto:gresigneenfugues@gmail.com\" target=\"_blank\" rel=\"noopener\"> gresigneenfugues@gmail.com<\/a><\/p>\n<p><em>Information communiqu\u00e9e par Gr\u00e9signe en Fugues<\/em><\/p>\n<p><a href=\"http:\/\/www.o-p-i.fr\/parlonsen\/agenda\/\">Retrouvez tous les \u00e9v\u00e9nements dans l&rsquo;agenda !<\/a><\/p>\n","protected":false},"excerpt":{"rendered":"<div class=\"mh-excerpt\">Vendredi 13 octobre 2023, salle des f\u00eate, \u00e0 19h..<\/div>\n","protected":false},"author":4,"featured_media":0,"comment_status":"open","ping_status":"open","sticky":false,"template":"","format":"standard","meta":{"om_disable_all_campaigns":false,"advanced_seo_description":"","jetpack_seo_html_title":"","jetpack_seo_noindex":false,"_jetpack_memberships_contains_paid_content":false,"footnotes":"","_links_to":"","_links_to_target":""},"categories":[42,55,54,6,5540],"tags":[172,187,330,5685,5686,5687],"class_list":{"0":"post-55956","1":"post","2":"type-post","3":"status-publish","4":"format-standard","6":"category-a-cote-de-chez-nous","7":"category-environnement","8":"category-loisirs","9":"category-pratique","10":"category-n-211-octobre-2023","11":"tag-exposition","12":"tag-vaour","13":"tag-rencontre","14":"tag-greesinhol","15":"tag-soiree-repas","16":"tag-larbre"},"jetpack_featured_media_url":"","views":{"total":0,"cached_at":"","cached_date":1738458612},"jetpack_likes_enabled":true,"jetpack_sharing_enabled":true,"jetpack_shortlink":"https:\/\/wp.me\/pg7Wxj-eyw","jetpack-related-posts":[],"_links":{"self":[{"href":"https:\/\/www.o-p-i.fr\/parlonsen\/wp-json\/wp\/v2\/posts\/55956","targetHints":{"allow":["GET"]}}],"collection":[{"href":"https:\/\/www.o-p-i.fr\/parlonsen\/wp-json\/wp\/v2\/posts"}],"about":[{"href":"https:\/\/www.o-p-i.fr\/parlonsen\/wp-json\/wp\/v2\/types\/post"}],"author":[{"embeddable":true,"href":"https:\/\/www.o-p-i.fr\/parlonsen\/wp-json\/wp\/v2\/users\/4"}],"replies":[{"embeddable":true,"href":"https:\/\/www.o-p-i.fr\/parlonsen\/wp-json\/wp\/v2\/comments?post=55956"}],"version-history":[{"count":0,"href":"https:\/\/www.o-p-i.fr\/parlonsen\/wp-json\/wp\/v2\/posts\/55956\/revisions"}],"wp:attachment":[{"href":"https:\/\/www.o-p-i.fr\/parlonsen\/wp-json\/wp\/v2\/media?parent=55956"}],"wp:term":[{"taxonomy":"category","embeddable":true,"href":"https:\/\/www.o-p-i.fr\/parlonsen\/wp-json\/wp\/v2\/categories?post=55956"},{"taxonomy":"post_tag","embeddable":true,"href":"https:\/\/www.o-p-i.fr\/parlonsen\/wp-json\/wp\/v2\/tags?post=55956"}],"curies":[{"name":"wp","href":"https:\/\/api.w.org\/{rel}","templated":true}]}}