{"id":56010,"date":"2023-10-05T23:02:36","date_gmt":"2023-10-05T22:02:36","guid":{"rendered":"https:\/\/www.o-p-i.fr\/parlonsen\/?p=56010"},"modified":"2023-10-05T23:19:30","modified_gmt":"2023-10-05T22:19:30","slug":"randonnee-de-la-veyrie-vaour","status":"publish","type":"post","link":"https:\/\/www.o-p-i.fr\/parlonsen\/parlons-en\/pratique\/randonnee-de-la-veyrie-vaour\/","title":{"rendered":"Randonn\u00e9e de la Veyrie &#8230; Vaour (81)"},"content":{"rendered":"<p><strong>Mardi 10 octobre 2023<\/strong>, \u00e0 10h.30 \u00e0 Vaour<!--more--><\/p>\n<h3 style=\"text-align: center;\"><img data-recalc-dims=\"1\" loading=\"lazy\" decoding=\"async\" class=\"alignright size-full wp-image-56012\" src=\"https:\/\/i0.wp.com\/www.o-p-i.fr\/parlonsen\/wp-content\/uploads\/rando-6.jpg?resize=425%2C277&#038;ssl=1\" alt=\"\" width=\"425\" height=\"277\" srcset=\"https:\/\/i0.wp.com\/www.o-p-i.fr\/parlonsen\/wp-content\/uploads\/rando-6.jpg?w=425&amp;ssl=1 425w, https:\/\/i0.wp.com\/www.o-p-i.fr\/parlonsen\/wp-content\/uploads\/rando-6.jpg?resize=300%2C196&amp;ssl=1 300w, https:\/\/i0.wp.com\/www.o-p-i.fr\/parlonsen\/wp-content\/uploads\/rando-6.jpg?resize=400%2C261&amp;ssl=1 400w, https:\/\/i0.wp.com\/www.o-p-i.fr\/parlonsen\/wp-content\/uploads\/rando-6.jpg?resize=150%2C98&amp;ssl=1 150w, https:\/\/i0.wp.com\/www.o-p-i.fr\/parlonsen\/wp-content\/uploads\/rando-6.jpg?resize=100%2C65&amp;ssl=1 100w\" sizes=\"auto, (max-width: 425px) 100vw, 425px\" \/>Mardi 10 octobre<br \/>\nRandonn\u00e9e de la Veyrie<br \/>\navec pique nique<\/h3>\n<p>Randonn\u00e9e propos\u00e9e par H\u00e9l\u00e8ne<br \/>\nDur\u00e9e : 3h30<br \/>\nDistance : 12 km<br \/>\nSans difficult\u00e9<\/p>\n<p>D\u00e9part parking du point de vue du cirque de bone \u00e0 Saint-Antonin<br \/>\nRendez-vous \u00e0 10h30 \u00e0 Vaour ou sur place \u00e0 10h50<br \/>\nParticipation de 2 \u20ac<\/p>\n<p>Inscription aupr\u00e8s de H\u00e9l\u00e8ne<br \/>\nPar sms au 06 27 92 23 08<br \/>\n(limit\u00e9 \u00e0 10 participants)<\/p>\n<p><img data-recalc-dims=\"1\" loading=\"lazy\" decoding=\"async\" class=\"alignleft size-full wp-image-45353\" src=\"https:\/\/i0.wp.com\/www.o-p-i.fr\/parlonsen\/wp-content\/uploads\/Familles-Rurales-du-Causse.jpg?resize=231%2C190&#038;ssl=1\" alt=\"\" width=\"231\" height=\"190\" srcset=\"https:\/\/i0.wp.com\/www.o-p-i.fr\/parlonsen\/wp-content\/uploads\/Familles-Rurales-du-Causse.jpg?w=231&amp;ssl=1 231w, https:\/\/i0.wp.com\/www.o-p-i.fr\/parlonsen\/wp-content\/uploads\/Familles-Rurales-du-Causse.jpg?resize=150%2C123&amp;ssl=1 150w\" sizes=\"auto, (max-width: 231px) 100vw, 231px\" \/><\/p>\n<p>&nbsp;<\/p>\n<p>Familles rurales du Causse<br \/>\n5 Rue du nord, 81140, Vaour<br \/>\n05 63 56 39 23 \/ 06 51 64 48 28<\/p>\n<p>&nbsp;<\/p>\n<p><em>Information communiqu\u00e9e par H\u00e9l\u00e8ne<\/em><\/p>\n<p><a href=\"http:\/\/www.o-p-i.fr\/parlonsen\/agenda\/\">Retrouvez tous les \u00e9v\u00e9nements dans l&rsquo;agenda !<\/a><\/p>\n","protected":false},"excerpt":{"rendered":"<div class=\"mh-excerpt\">Mardi 10 octobre 2023, \u00e0 10h.30 \u00e0 Vaour<\/div>\n","protected":false},"author":4,"featured_media":0,"comment_status":"open","ping_status":"open","sticky":false,"template":"","format":"standard","meta":{"om_disable_all_campaigns":false,"advanced_seo_description":"","jetpack_seo_html_title":"","jetpack_seo_noindex":false,"_jetpack_memberships_contains_paid_content":false,"footnotes":"","_links_to":"","_links_to_target":""},"categories":[42,54,53,6,5540],"tags":[187,637,5700,166],"class_list":{"0":"post-56010","1":"post","2":"type-post","3":"status-publish","4":"format-standard","6":"category-a-cote-de-chez-nous","7":"category-loisirs","8":"category-sports","9":"category-pratique","10":"category-n-211-octobre-2023","11":"tag-vaour","12":"tag-pique-nique","13":"tag-veyrie","14":"tag-randonnee"},"jetpack_featured_media_url":"","views":{"total":0,"cached_at":"","cached_date":1738458742},"jetpack_likes_enabled":true,"jetpack_sharing_enabled":true,"jetpack_shortlink":"https:\/\/wp.me\/pg7Wxj-ezo","jetpack-related-posts":[],"_links":{"self":[{"href":"https:\/\/www.o-p-i.fr\/parlonsen\/wp-json\/wp\/v2\/posts\/56010","targetHints":{"allow":["GET"]}}],"collection":[{"href":"https:\/\/www.o-p-i.fr\/parlonsen\/wp-json\/wp\/v2\/posts"}],"about":[{"href":"https:\/\/www.o-p-i.fr\/parlonsen\/wp-json\/wp\/v2\/types\/post"}],"author":[{"embeddable":true,"href":"https:\/\/www.o-p-i.fr\/parlonsen\/wp-json\/wp\/v2\/users\/4"}],"replies":[{"embeddable":true,"href":"https:\/\/www.o-p-i.fr\/parlonsen\/wp-json\/wp\/v2\/comments?post=56010"}],"version-history":[{"count":0,"href":"https:\/\/www.o-p-i.fr\/parlonsen\/wp-json\/wp\/v2\/posts\/56010\/revisions"}],"wp:attachment":[{"href":"https:\/\/www.o-p-i.fr\/parlonsen\/wp-json\/wp\/v2\/media?parent=56010"}],"wp:term":[{"taxonomy":"category","embeddable":true,"href":"https:\/\/www.o-p-i.fr\/parlonsen\/wp-json\/wp\/v2\/categories?post=56010"},{"taxonomy":"post_tag","embeddable":true,"href":"https:\/\/www.o-p-i.fr\/parlonsen\/wp-json\/wp\/v2\/tags?post=56010"}],"curies":[{"name":"wp","href":"https:\/\/api.w.org\/{rel}","templated":true}]}}